{"id":30653,"date":"2021-08-07T22:04:45","date_gmt":"2021-08-08T03:04:45","guid":{"rendered":"http:\/\/www.zonaroja.com.mx\/?p=30653"},"modified":"2021-08-08T08:13:20","modified_gmt":"2021-08-08T13:13:20","slug":"tres-oaxaquenos-detenidos-en-el-salvador-como-presuntos-narcos","status":"publish","type":"post","link":"https:\/\/zonaroja.com.mx\/?p=30653","title":{"rendered":"Tres oaxaque\u00f1os, detenidos en El Salvador como presuntos narcos"},"content":{"rendered":"\n<p>Redacci\u00f3n\/Zona Roja.<\/p>\n\n\n\n<p>Oaxaca de Ju\u00e1rez, Oax., 7 de agosto de 2021.- La Fiscal\u00eda General de El Salvador, present\u00f3 este fin de semana a seis personas detenidas en aguas de su jurisdicci\u00f3n, en poder de mil 370 kilos de droga, al parecer coca\u00edna.<\/p>\n\n\n\n<p>Los detenidos fueron identificados como Jimmy E. Q. y Wilmer L. J., de origen ecuatoriano; Marcos Antonio J. R., Ludwin M. H. y \u00c1ngel R. H., mexicanos originarios de Puerto \u00c1ngel, Oaxaca, y el colombiano Walter O. O..<\/p>\n\n\n\n<p>Seg\u00fan un comunicado de la Fiscal\u00eda la Polic\u00eda de Antinarc\u00f3ticos y Fuerzas Armadas de ese pa\u00eds, decomisaron el pasado 31 de julio del 2021 mil 370 kilos de coca\u00edna, a 490 millas n\u00e1uticas al sur de Punta Remedios, Acajutla, Sonsonate, en aguas internacionales.<\/p>\n\n\n\n<p>Esta captura fue coordinada con guardacostas ecuatorianos, estadounidenses y la Guardia Costera de M\u00e9xico.<\/p>\n\n\n\n<p>Dentro de las lanchas se encontraron 70 bultos con droga, 26 bidones con combustible y dos motores de 200 caballos de fuerza. La droga est\u00e1 valorada en ese pa\u00eds en 34 millones 269 mil 180 d\u00f3lares y es la mayor incautaci\u00f3n que se dio en El Salvador.<\/p>\n\n\n\n<p>La embarcaci\u00f3n es de origen mexicana, de acuerdo con datos de la Fuerza Naval salvadore\u00f1a; una de las lanchas se hundi\u00f3. Los ocupantes de la nave incautada llevaban adem\u00e1s 4 GPS, dos radios de comunicaci\u00f3n, dos tel\u00e9fonos satelitales, un celular, dos barriles de combustible y dinero en efectivo.<\/p>\n\n\n\n<figure class=\"wp-block-image size-large\"><img decoding=\"async\" width=\"960\" height=\"640\" src=\"http:\/\/www.zonaroja.com.mx\/wp-content\/uploads\/2021\/08\/Droga-decomisada-El-Salvador.jpg\" alt=\"\" class=\"wp-image-30656\" srcset=\"https:\/\/zonaroja.com.mx\/wp-content\/uploads\/2021\/08\/Droga-decomisada-El-Salvador.jpg 960w, https:\/\/zonaroja.com.mx\/wp-content\/uploads\/2021\/08\/Droga-decomisada-El-Salvador-300x200.jpg 300w, https:\/\/zonaroja.com.mx\/wp-content\/uploads\/2021\/08\/Droga-decomisada-El-Salvador-768x512.jpg 768w, https:\/\/zonaroja.com.mx\/wp-content\/uploads\/2021\/08\/Droga-decomisada-El-Salvador-585x390.jpg 585w, https:\/\/zonaroja.com.mx\/wp-content\/uploads\/2021\/08\/Droga-decomisada-El-Salvador-263x175.jpg 263w\" sizes=\"(max-width: 960px) 100vw, 960px\" \/><\/figure>\n","protected":false},"excerpt":{"rendered":"<p>Redacci\u00f3n\/Zona Roja. Oaxaca de Ju\u00e1rez, Oax., 7 de agosto de 2021.- La Fiscal\u00eda General de&hellip;<\/p>\n","protected":false},"author":2,"featured_media":30654,"comment_status":"closed","ping_status":"open","sticky":false,"template":"","format":"standard","meta":{"_lmt_disableupdate":"","_lmt_disable":"","_jetpack_memberships_contains_paid_content":false,"footnotes":""},"categories":[109,47],"tags":[2839],"class_list":["post-30653","post","type-post","status-publish","format-standard","has-post-thumbnail","hentry","category-minuto-a-minuto","category-zona-gris","tag-el-salvador"],"jetpack_featured_media_url":"https:\/\/zonaroja.com.mx\/wp-content\/uploads\/2021\/08\/Presuntos-narcotraficantes-detenidos-en-El-Salvador.jpg","jetpack_sharing_enabled":true,"_links":{"self":[{"href":"https:\/\/zonaroja.com.mx\/index.php?rest_route=\/wp\/v2\/posts\/30653","targetHints":{"allow":["GET"]}}],"collection":[{"href":"https:\/\/zonaroja.com.mx\/index.php?rest_route=\/wp\/v2\/posts"}],"about":[{"href":"https:\/\/zonaroja.com.mx\/index.php?rest_route=\/wp\/v2\/types\/post"}],"author":[{"embeddable":true,"href":"https:\/\/zonaroja.com.mx\/index.php?rest_route=\/wp\/v2\/users\/2"}],"replies":[{"embeddable":true,"href":"https:\/\/zonaroja.com.mx\/index.php?rest_route=%2Fwp%2Fv2%2Fcomments&post=30653"}],"version-history":[{"count":1,"href":"https:\/\/zonaroja.com.mx\/index.php?rest_route=\/wp\/v2\/posts\/30653\/revisions"}],"predecessor-version":[{"id":30657,"href":"https:\/\/zonaroja.com.mx\/index.php?rest_route=\/wp\/v2\/posts\/30653\/revisions\/30657"}],"wp:featuredmedia":[{"embeddable":true,"href":"https:\/\/zonaroja.com.mx\/index.php?rest_route=\/wp\/v2\/media\/30654"}],"wp:attachment":[{"href":"https:\/\/zonaroja.com.mx\/index.php?rest_route=%2Fwp%2Fv2%2Fmedia&parent=30653"}],"wp:term":[{"taxonomy":"category","embeddable":true,"href":"https:\/\/zonaroja.com.mx\/index.php?rest_route=%2Fwp%2Fv2%2Fcategories&post=30653"},{"taxonomy":"post_tag","embeddable":true,"href":"https:\/\/zonaroja.com.mx\/index.php?rest_route=%2Fwp%2Fv2%2Ftags&post=30653"}],"curies":[{"name":"wp","href":"https:\/\/api.w.org\/{rel}","templated":true}]}}