{"id":30658,"date":"2021-08-08T07:32:49","date_gmt":"2021-08-08T12:32:49","guid":{"rendered":"http:\/\/www.zonaroja.com.mx\/?p=30658"},"modified":"2021-08-08T07:32:51","modified_gmt":"2021-08-08T12:32:51","slug":"dan-prision-preventiva-a-policias-de-yucatan-que-violaron-y-mataron-a-joven","status":"publish","type":"post","link":"https:\/\/zonaroja.com.mx\/?p=30658","title":{"rendered":"Dan prisi\u00f3n preventiva a polic\u00edas de Yucat\u00e1n que violaron y mataron a joven"},"content":{"rendered":"\n<p>Redacci\u00f3n\/Zona Roja.<\/p>\n\n\n\n<p>Ciudad de M\u00e9xico, 8 de agosto de 2021.- Cuatro polic\u00edas de la ciudad de M\u00e9rida, Yucat\u00e1n, fueron vinculados a proceso y enviados a prisi\u00f3n preventiva, por los delitos de homicidio calificado cometido en pandilla, violaci\u00f3n agravada y tortura agravada.<\/p>\n\n\n\n<p>Lo anterior, por los hechos sucedidos el pasado 21 de julio en la capital, en contra de un joven originario de Veracruz, Jos\u00e9 Eduardo, a quien detuvieron sin motivo aparente y posteriormente torturaron y agredieron sexualmente; por ello, d\u00edas despu\u00e9s perdi\u00f3 la vida.<\/p>\n\n\n\n<p>Tras ejecutarse una orden de aprehensi\u00f3n llevada a cabo de manera coordinada entre la Fiscal\u00eda General del Estado (FGE) y la Polic\u00eda Estatal de Investigaci\u00f3n (PEI) de la SSP, los detenidos fueron presentados en audiencia ante el Juez Primero de Control como imputados por los citados delitos, en r\u00e1pida respuesta jur\u00eddica ante lo sucedido.<\/p>\n\n\n\n<p>En el Centro de Justicia Oral de M\u00e9rida, los especialistas de la Fiscal\u00eda presentaron detalles de la indagatoria, en la que se da a conocer que los involucrados, quienes se desempe\u00f1aban como elementos de la polic\u00eda municipal de M\u00e9rida, presuntamente hicieron uso excesivo de la fuerza para golpear y abusar sexualmente de su v\u00edctima, quien d\u00edas despu\u00e9s se present\u00f3 ante la Unidad de Investigaci\u00f3n de esta dependencia para interponer la denuncia correspondiente tras lo sucedido.<\/p>\n\n\n\n<p>Ante los hechos, fue valorado por los m\u00e9dicos forenses de la FGE, quienes solicitaron que fuera trasladado al hospital para ser atendido, por lo que fue llevado en una ambulancia al Hospital O\u00b4horan.<\/p>\n\n\n\n<p>En ese nosocomio se inform\u00f3 del quebranto de su salud y posterior deceso del joven que, de acuerdo con la necropsia realizada por personal del Servicio M\u00e9dico Forense, la causa de muerte fue: s\u00edndrome de disfunci\u00f3n org\u00e1nica m\u00faltiple, secundaria a politraumatismo.<\/p>\n\n\n\n<p>La Fiscal\u00eda General del Estado (FGE), que atendi\u00f3 el caso de la v\u00edctima dio paso a la integraci\u00f3n de las carpetas 206\/2021, que contienen los elementos de prueba para el esclarecimiento de los hechos, mismos que fueron expuestos este d\u00eda ante el Juez.<\/p>\n\n\n\n<p>Durante la jornada de imputaci\u00f3n de los delitos se\u00f1alados, los fiscales de litigaci\u00f3n presentaron los resultados de la indagatoria para solicitar la vinculaci\u00f3n de los acusados, quienes solicitaron la ampliaci\u00f3n del t\u00e9rmino legal, por lo que el Juez Primero de Control estableci\u00f3 la fecha del jueves 12 de agosto para resolver su situaci\u00f3n jur\u00eddica.<\/p>\n","protected":false},"excerpt":{"rendered":"<p>Redacci\u00f3n\/Zona Roja. Ciudad de M\u00e9xico, 8 de agosto de 2021.- Cuatro polic\u00edas de la ciudad&hellip;<\/p>\n","protected":false},"author":2,"featured_media":30659,"comment_status":"closed","ping_status":"open","sticky":false,"template":"","format":"standard","meta":{"_lmt_disableupdate":"","_lmt_disable":"","_jetpack_memberships_contains_paid_content":false,"footnotes":""},"categories":[109,47],"tags":[2840],"class_list":["post-30658","post","type-post","status-publish","format-standard","has-post-thumbnail","hentry","category-minuto-a-minuto","category-zona-gris","tag-jose-eduardo-merida"],"jetpack_featured_media_url":"https:\/\/zonaroja.com.mx\/wp-content\/uploads\/2021\/08\/Jose-Eduardo-Merida-Veracruz.jpg","jetpack_sharing_enabled":true,"_links":{"self":[{"href":"https:\/\/zonaroja.com.mx\/index.php?rest_route=\/wp\/v2\/posts\/30658","targetHints":{"allow":["GET"]}}],"collection":[{"href":"https:\/\/zonaroja.com.mx\/index.php?rest_route=\/wp\/v2\/posts"}],"about":[{"href":"https:\/\/zonaroja.com.mx\/index.php?rest_route=\/wp\/v2\/types\/post"}],"author":[{"embeddable":true,"href":"https:\/\/zonaroja.com.mx\/index.php?rest_route=\/wp\/v2\/users\/2"}],"replies":[{"embeddable":true,"href":"https:\/\/zonaroja.com.mx\/index.php?rest_route=%2Fwp%2Fv2%2Fcomments&post=30658"}],"version-history":[{"count":1,"href":"https:\/\/zonaroja.com.mx\/index.php?rest_route=\/wp\/v2\/posts\/30658\/revisions"}],"predecessor-version":[{"id":30660,"href":"https:\/\/zonaroja.com.mx\/index.php?rest_route=\/wp\/v2\/posts\/30658\/revisions\/30660"}],"wp:featuredmedia":[{"embeddable":true,"href":"https:\/\/zonaroja.com.mx\/index.php?rest_route=\/wp\/v2\/media\/30659"}],"wp:attachment":[{"href":"https:\/\/zonaroja.com.mx\/index.php?rest_route=%2Fwp%2Fv2%2Fmedia&parent=30658"}],"wp:term":[{"taxonomy":"category","embeddable":true,"href":"https:\/\/zonaroja.com.mx\/index.php?rest_route=%2Fwp%2Fv2%2Fcategories&post=30658"},{"taxonomy":"post_tag","embeddable":true,"href":"https:\/\/zonaroja.com.mx\/index.php?rest_route=%2Fwp%2Fv2%2Ftags&post=30658"}],"curies":[{"name":"wp","href":"https:\/\/api.w.org\/{rel}","templated":true}]}}