{"id":30661,"date":"2021-08-08T07:44:22","date_gmt":"2021-08-08T12:44:22","guid":{"rendered":"http:\/\/www.zonaroja.com.mx\/?p=30661"},"modified":"2021-08-08T07:44:25","modified_gmt":"2021-08-08T12:44:25","slug":"dejan-lluvias-danos-a-viviendas-en-el-istmo-de-tehuantepec","status":"publish","type":"post","link":"https:\/\/zonaroja.com.mx\/?p=30661","title":{"rendered":"Dejan lluvias da\u00f1os a viviendas en el Istmo de Tehuantepec"},"content":{"rendered":"\n<p>Redacci\u00f3n\/Zona Roja.<\/p>\n\n\n\n<p>Oaxaca de Ju\u00e1rez, Oax., 8 de agosto de 2021.- Desbordamiento de r\u00edos y arroyos, as\u00ed como da\u00f1os a viviendas y cultivos, dejaron intensas lluvias registradas este s\u00e1bado en la regi\u00f3n del Istmo de Tehuantepec, a causa de la Onda Tropical n\u00famero 19 y un canal de baja presi\u00f3n.<\/p>\n\n\n\n<p>Hasta el momento no hay una cuantificaci\u00f3n general de da\u00f1os y la Coordinaci\u00f3n Estatal de Protecci\u00f3n Civil (CEPCO) del gobierno de Oaxaca \u00fanicamente report\u00f3 18 casas anegadas, en la comunidad de Estaci\u00f3n Mogo\u00f1\u00e9, perteneciente al municipio de San Juan Guichicovi.<\/p>\n\n\n\n<p>Lo anterior, por la creciente de tres r\u00edos y arroyos de respuesta r\u00e1pida que conectan con el r\u00edo \u201cMalatengo\u201d, el cual se desbord\u00f3, dio a conocer en un comunicado.<\/p>\n\n\n\n<p>Inform\u00f3 que el reporte preliminar es de 18 viviendas afectadas, que corresponden a 14 familias, las cuales fueron atendidas y apoyadas con despensas por parte del presidente municipal, Raynel Ram\u00edrez Mijangos en coordinaci\u00f3n con el DIF Municipal.<\/p>\n\n\n\n<p>Asimismo, durante el recorrido para salvaguardar la seguridad e integridad de la poblaci\u00f3n afectada, fue evacuada una persona de 94 a\u00f1os de edad de nombre Valeria C. M. por parte de Protecci\u00f3n Civil Municipal como primer respondiente, quien la traslad\u00f3 a la vivienda de un familiar.<\/p>\n\n\n\n<p>Hasta anoche, los niveles de los r\u00edos han descendido, sin embargo, como medida de prevenci\u00f3n, la CEPCO contin\u00faa con permanente monitoreo.<\/p>\n","protected":false},"excerpt":{"rendered":"<p>Redacci\u00f3n\/Zona Roja. Oaxaca de Ju\u00e1rez, Oax., 8 de agosto de 2021.- Desbordamiento de r\u00edos y&hellip;<\/p>\n","protected":false},"author":2,"featured_media":30662,"comment_status":"closed","ping_status":"open","sticky":false,"template":"","format":"standard","meta":{"_lmt_disableupdate":"","_lmt_disable":"","_jetpack_memberships_contains_paid_content":false,"footnotes":""},"categories":[109,47],"tags":[],"class_list":["post-30661","post","type-post","status-publish","format-standard","has-post-thumbnail","hentry","category-minuto-a-minuto","category-zona-gris"],"jetpack_featured_media_url":"https:\/\/zonaroja.com.mx\/wp-content\/uploads\/2021\/08\/Afectaciones-lluvias-Guichicovi.jpg","jetpack_sharing_enabled":true,"_links":{"self":[{"href":"https:\/\/zonaroja.com.mx\/index.php?rest_route=\/wp\/v2\/posts\/30661","targetHints":{"allow":["GET"]}}],"collection":[{"href":"https:\/\/zonaroja.com.mx\/index.php?rest_route=\/wp\/v2\/posts"}],"about":[{"href":"https:\/\/zonaroja.com.mx\/index.php?rest_route=\/wp\/v2\/types\/post"}],"author":[{"embeddable":true,"href":"https:\/\/zonaroja.com.mx\/index.php?rest_route=\/wp\/v2\/users\/2"}],"replies":[{"embeddable":true,"href":"https:\/\/zonaroja.com.mx\/index.php?rest_route=%2Fwp%2Fv2%2Fcomments&post=30661"}],"version-history":[{"count":1,"href":"https:\/\/zonaroja.com.mx\/index.php?rest_route=\/wp\/v2\/posts\/30661\/revisions"}],"predecessor-version":[{"id":30663,"href":"https:\/\/zonaroja.com.mx\/index.php?rest_route=\/wp\/v2\/posts\/30661\/revisions\/30663"}],"wp:featuredmedia":[{"embeddable":true,"href":"https:\/\/zonaroja.com.mx\/index.php?rest_route=\/wp\/v2\/media\/30662"}],"wp:attachment":[{"href":"https:\/\/zonaroja.com.mx\/index.php?rest_route=%2Fwp%2Fv2%2Fmedia&parent=30661"}],"wp:term":[{"taxonomy":"category","embeddable":true,"href":"https:\/\/zonaroja.com.mx\/index.php?rest_route=%2Fwp%2Fv2%2Fcategories&post=30661"},{"taxonomy":"post_tag","embeddable":true,"href":"https:\/\/zonaroja.com.mx\/index.php?rest_route=%2Fwp%2Fv2%2Ftags&post=30661"}],"curies":[{"name":"wp","href":"https:\/\/api.w.org\/{rel}","templated":true}]}}