{"id":30664,"date":"2021-08-08T07:47:55","date_gmt":"2021-08-08T12:47:55","guid":{"rendered":"http:\/\/www.zonaroja.com.mx\/?p=30664"},"modified":"2021-08-08T07:47:58","modified_gmt":"2021-08-08T12:47:58","slug":"avanzan-obras-del-poder-judicial-en-ixcotel-tanivet-y-tlalixtac","status":"publish","type":"post","link":"https:\/\/zonaroja.com.mx\/?p=30664","title":{"rendered":"Avanzan obras del Poder Judicial en Ixcotel, Tanivet y Tlalixtac"},"content":{"rendered":"\n<p>Redacci\u00f3n\/Zona Roja.<\/p>\n\n\n\n<p>Oaxaca de Ju\u00e1rez, Oax., 8 de agosto de 2021.- El titular del Poder Judicial del Estado, magistrado Eduardo Pinacho S\u00e1nchez, realiz\u00f3 un recorrido de supervisi\u00f3n para constatar los avances de las obras en juzgados especializados en materia laboral que se ubicar\u00e1n en la agencia de Santa Mar\u00eda Ixcotel, as\u00ed como del Centro de Justicia de Tanivet y el edificio resiliente de la Escuela Judicial, que se construye en instalaciones del Centro Recreativo, en Tlalixtac de Cabrera.<\/p>\n\n\n\n<p>Este \u00faltimo, adem\u00e1s de ser el primer plantel antis\u00edsmico en Oaxaca, debido a que tiene un sistema de seguridad estructural que le permitir\u00e1 resistir los movimientos tel\u00faricos, contar\u00e1 con sal\u00f3n de tareas y una ludoteca en apoyo a las sesiones de convivencia familiar.<\/p>\n\n\n\n<p>A fin de construir un sistema de justicia m\u00e1s eficiente y moderno que garantice a la sociedad espacios dignos y adecuados, como parte de las acciones de modernizaci\u00f3n, adecuaci\u00f3n y remodelaci\u00f3n en infraestructura judicial, la instituci\u00f3n lleva a cabo importantes obras.<\/p>\n\n\n\n<p>Acompa\u00f1ado de directores de diferentes \u00e1reas, el presidente del Tribunal Superior de Justicia y del Consejo de la Judicatura fue informado de los avances en las edificaciones con base a los proyectos ejecutivos avalados y que, en suma, permitir\u00e1n que este a\u00f1o el Poder Judicial cuente con instalaciones propias y adecuadas para brindar una atenci\u00f3n de calidad.<\/p>\n","protected":false},"excerpt":{"rendered":"<p>Redacci\u00f3n\/Zona Roja. Oaxaca de Ju\u00e1rez, Oax., 8 de agosto de 2021.- El titular del Poder&hellip;<\/p>\n","protected":false},"author":2,"featured_media":30665,"comment_status":"closed","ping_status":"open","sticky":false,"template":"","format":"standard","meta":{"_lmt_disableupdate":"","_lmt_disable":"","_jetpack_memberships_contains_paid_content":false,"footnotes":""},"categories":[1],"tags":[223],"class_list":["post-30664","post","type-post","status-publish","format-standard","has-post-thumbnail","hentry","category-sin-categoria","tag-poder-judicial-de-oaxaca"],"jetpack_featured_media_url":"https:\/\/zonaroja.com.mx\/wp-content\/uploads\/2021\/08\/Collage-Nueva-infraestructura-judicial-1.jpg","jetpack_sharing_enabled":true,"_links":{"self":[{"href":"https:\/\/zonaroja.com.mx\/index.php?rest_route=\/wp\/v2\/posts\/30664","targetHints":{"allow":["GET"]}}],"collection":[{"href":"https:\/\/zonaroja.com.mx\/index.php?rest_route=\/wp\/v2\/posts"}],"about":[{"href":"https:\/\/zonaroja.com.mx\/index.php?rest_route=\/wp\/v2\/types\/post"}],"author":[{"embeddable":true,"href":"https:\/\/zonaroja.com.mx\/index.php?rest_route=\/wp\/v2\/users\/2"}],"replies":[{"embeddable":true,"href":"https:\/\/zonaroja.com.mx\/index.php?rest_route=%2Fwp%2Fv2%2Fcomments&post=30664"}],"version-history":[{"count":1,"href":"https:\/\/zonaroja.com.mx\/index.php?rest_route=\/wp\/v2\/posts\/30664\/revisions"}],"predecessor-version":[{"id":30666,"href":"https:\/\/zonaroja.com.mx\/index.php?rest_route=\/wp\/v2\/posts\/30664\/revisions\/30666"}],"wp:featuredmedia":[{"embeddable":true,"href":"https:\/\/zonaroja.com.mx\/index.php?rest_route=\/wp\/v2\/media\/30665"}],"wp:attachment":[{"href":"https:\/\/zonaroja.com.mx\/index.php?rest_route=%2Fwp%2Fv2%2Fmedia&parent=30664"}],"wp:term":[{"taxonomy":"category","embeddable":true,"href":"https:\/\/zonaroja.com.mx\/index.php?rest_route=%2Fwp%2Fv2%2Fcategories&post=30664"},{"taxonomy":"post_tag","embeddable":true,"href":"https:\/\/zonaroja.com.mx\/index.php?rest_route=%2Fwp%2Fv2%2Ftags&post=30664"}],"curies":[{"name":"wp","href":"https:\/\/api.w.org\/{rel}","templated":true}]}}