{"id":30667,"date":"2021-08-08T08:13:39","date_gmt":"2021-08-08T13:13:39","guid":{"rendered":"http:\/\/www.zonaroja.com.mx\/?p=30667"},"modified":"2021-08-08T08:13:42","modified_gmt":"2021-08-08T13:13:42","slug":"desaparecen-dos-menores-en-primera-semana-de-agosto-emiten-alerta-rosa","status":"publish","type":"post","link":"https:\/\/zonaroja.com.mx\/?p=30667","title":{"rendered":"Desaparecen dos menores en primera semana de agosto; emiten Alerta Rosa"},"content":{"rendered":"\n<p>Evlin Arag\u00f3n\/Zona Roja.<\/p>\n\n\n\n<p>Oaxaca de Ju\u00e1rez, Oax., 8 de agosto de 2021.- La desaparici\u00f3n de Shunashi, de 15 a\u00f1os de edad, prendi\u00f3 recientemente las alertas en la Cuenca del Papaloapan; la joven fue vista por \u00faltima vez el pasado cinco de agosto en la localidad de Mojarra la Capilla, perteneciente al municipio de Acatl\u00e1n de P\u00e9rez Figueroa.&nbsp;<\/p>\n\n\n\n<p>De acuerdo con la ficha de b\u00fasqueda, la menor vest\u00eda blusa de color verde, pantal\u00f3n de color azul y tenis de color blanco, adem\u00e1s que tiene dos cicatrices en los labios como se\u00f1a particular.&nbsp;<\/p>\n\n\n\n<p>La regi\u00f3n de la Ca\u00f1ada tambi\u00e9n report\u00f3 la desaparici\u00f3n de Jessica, de 18 a\u00f1os de edad, quien fue vista por \u00faltima vez el pasado primero de agosto en Huautla de Jim\u00e9nez.&nbsp;<\/p>\n\n\n\n<p>Vest\u00eda su\u00e9ter color rosa, tenis color guinda, pants color negro y mochila color negro, adem\u00e1s que cuenta con una cicatriz en el brazo derecho.&nbsp;<\/p>\n\n\n\n<p>Previo a la desaparici\u00f3n de las menores, familiares de Eduardo Mor\u00e1n Gonz\u00e1lez de 54 a\u00f1os de edad, hicieron p\u00fablico que fue visto por \u00faltima vez el 31 de julio en San Pedro Mixtepec; mismo d\u00eda en el que fue reportado como no localizado Leonardo Ben\u00edtez, en el municipio de Miahuatl\u00e1n de Porfirio D\u00edaz.<\/p>\n\n\n\n<p>En la lista de personas desaparecidas se mantiene los hermanos Montes Medina quienes presuntamente fueron \u201clevantados\u201d por un comando armado en inmediaciones de la colonia Monte Alb\u00e1n, perteneciente a la agencia de San Mart\u00edn Mexic\u00e1pam.&nbsp;&nbsp;<\/p>\n\n\n\n<p>De acuerdo con los reportes, Julio C\u00e9sar y Erick Jonatan, de 22 y 26 a\u00f1os de edad respectivamente, se mantienen en calidad de desaparecidos desde el pasado mi\u00e9rcoles 28 de julio&nbsp;<\/p>\n\n\n\n<p>El mismo d\u00eda, pero en otras circunstancias, Karla Karewit Cl\u00edmaco Ruiz, de 21 a\u00f1os, fue vista por \u00faltima vez en el puerto de Salina Cruz; misma situaci\u00f3n en la que se encuentra Perla, de 17 a\u00f1os, originaria de San Juan Bautista Tuxtepec.&nbsp;<\/p>\n\n\n\n<p>Mientras que el 22 de junio se report\u00f3 la desaparici\u00f3n de Javier Rodr\u00edguez Xolo, de 35 a\u00f1os, quien fue visto por \u00faltima vez en San Jos\u00e9 Cosolapa; un d\u00eda antes fue reportado el caso de Ricardo V\u00e1squez, de 45 a\u00f1os de edad, desaparecidos en Ejutla de Crespo y Edgar Bladimir Gonz\u00e1lez V\u00e1squez, de 24 a\u00f1os, en Ocotl\u00e1n de Morelos.&nbsp;<\/p>\n\n\n\n<p>Del 15 al 18 de julio se report\u00f3 la no localizaci\u00f3n de Martiniana Roque Yesca, de 21 a\u00f1os, vista por \u00faltima vez en San Bartolo Coyotepec; Gerardo Carvajal Alameda, de 30, en Santa Cruz Acatepec; Sylvester Muhammad Jim\u00e9nez Rasgado, de 31, en Tlacolula de Matamoros; y Juan Pablo Garc\u00eda Altamirano, de 22, en Santa Mar\u00eda Atzompa.<\/p>\n\n\n\n<p>El 11 de julio Roberto Ismael P\u00e9rez Morales, de 48 a\u00f1os de edad, fue visto por \u00faltima vez en Tlacolula de Matamoros; un d\u00eda antes fueron vistos por \u00faltima vez Manuel Alberto S\u00e1nchez Andrade, de 32 a\u00f1os; y Jos\u00e9 Eduardo Ch\u00e1vez Arango, de 21, en Puerto Escondido y Santa Cruz Lachizolana, Etla.&nbsp;&nbsp;<\/p>\n\n\n\n<p>Los familiares de Lidia Arcos Alvarado de 39 a\u00f1os, quien iba en compa\u00f1\u00eda de su hermana Marisol de12 a\u00f1os y su hija Ana Lidia de 7 a\u00f1os de edad, mantienen su b\u00fasqueda, luego de perderles el rastro en San Juan Guelache, Etla, el 9 de julio.&nbsp;&nbsp;<\/p>\n\n\n\n<p>Finalmente, durante la primera semana del mes se report\u00f3 la no localizaci\u00f3n de Am\u00e9rica, de 14 a\u00f1os de edad; Iver Jim\u00e9nez S\u00e1nchez, de 48; Flor Lizeth, de 17; y Yaquelin, de 13, desaparecidos en San Juan Bautista Tuxtepec, Juchit\u00e1n de Zaragoza, Santiago Pinotepa Nacional, San Bartolom\u00e9 Ayautla, respectivamente.&nbsp;&nbsp;<\/p>\n\n\n\n<p>Por otra parte, la Fiscal\u00eda General del Estado de Oaxaca mantiene una Alerta Rosa por la desaparici\u00f3n de Claudia Elizabeth Ambrosio Pacheco, al considerar que est\u00e1 en riesgo su integridad f\u00edsica.<\/p>\n\n\n\n<p>La mujer de 35 a\u00f1os de edad, fue vista por \u00faltima vez el 31 de julio pasado en San Mart\u00edn Mexic\u00e1pam, agencia del municipio de Oaxaca de Ju\u00e1rez.<\/p>\n","protected":false},"excerpt":{"rendered":"<p>Evlin Arag\u00f3n\/Zona Roja. Oaxaca de Ju\u00e1rez, Oax., 8 de agosto de 2021.- La desaparici\u00f3n de&hellip;<\/p>\n","protected":false},"author":2,"featured_media":30668,"comment_status":"closed","ping_status":"open","sticky":false,"template":"","format":"standard","meta":{"_lmt_disableupdate":"","_lmt_disable":"","_jetpack_memberships_contains_paid_content":false,"footnotes":""},"categories":[109,47],"tags":[455],"class_list":["post-30667","post","type-post","status-publish","format-standard","has-post-thumbnail","hentry","category-minuto-a-minuto","category-zona-gris","tag-mujeres-desaparecidas-oaxaca"],"jetpack_featured_media_url":"https:\/\/zonaroja.com.mx\/wp-content\/uploads\/2021\/08\/Desaparecidas-Oaxaca.jpg","jetpack_sharing_enabled":true,"_links":{"self":[{"href":"https:\/\/zonaroja.com.mx\/index.php?rest_route=\/wp\/v2\/posts\/30667","targetHints":{"allow":["GET"]}}],"collection":[{"href":"https:\/\/zonaroja.com.mx\/index.php?rest_route=\/wp\/v2\/posts"}],"about":[{"href":"https:\/\/zonaroja.com.mx\/index.php?rest_route=\/wp\/v2\/types\/post"}],"author":[{"embeddable":true,"href":"https:\/\/zonaroja.com.mx\/index.php?rest_route=\/wp\/v2\/users\/2"}],"replies":[{"embeddable":true,"href":"https:\/\/zonaroja.com.mx\/index.php?rest_route=%2Fwp%2Fv2%2Fcomments&post=30667"}],"version-history":[{"count":1,"href":"https:\/\/zonaroja.com.mx\/index.php?rest_route=\/wp\/v2\/posts\/30667\/revisions"}],"predecessor-version":[{"id":30669,"href":"https:\/\/zonaroja.com.mx\/index.php?rest_route=\/wp\/v2\/posts\/30667\/revisions\/30669"}],"wp:featuredmedia":[{"embeddable":true,"href":"https:\/\/zonaroja.com.mx\/index.php?rest_route=\/wp\/v2\/media\/30668"}],"wp:attachment":[{"href":"https:\/\/zonaroja.com.mx\/index.php?rest_route=%2Fwp%2Fv2%2Fmedia&parent=30667"}],"wp:term":[{"taxonomy":"category","embeddable":true,"href":"https:\/\/zonaroja.com.mx\/index.php?rest_route=%2Fwp%2Fv2%2Fcategories&post=30667"},{"taxonomy":"post_tag","embeddable":true,"href":"https:\/\/zonaroja.com.mx\/index.php?rest_route=%2Fwp%2Fv2%2Ftags&post=30667"}],"curies":[{"name":"wp","href":"https:\/\/api.w.org\/{rel}","templated":true}]}}