{"id":30671,"date":"2021-08-08T08:30:12","date_gmt":"2021-08-08T13:30:12","guid":{"rendered":"http:\/\/www.zonaroja.com.mx\/?p=30671"},"modified":"2021-08-08T08:30:16","modified_gmt":"2021-08-08T13:30:16","slug":"acepta-diputada-transportista-que-adeuda-tenencias-de-urbanos","status":"publish","type":"post","link":"https:\/\/zonaroja.com.mx\/?p=30671","title":{"rendered":"Acepta diputada transportista que adeuda tenencias de urbanos"},"content":{"rendered":"\n<p>Redacci\u00f3n\/Zona Roja.<\/p>\n\n\n\n<p>Oaxaca de Ju\u00e1rez, Oax., 7 de agosto de 2021.- La diputada local por el PRI-Verde Ecologista, Aurora L\u00f3pez Acevedo, protest\u00f3 este s\u00e1bado contras las obras del Gobierno del Estado de Oaxaca en la avenida S\u00edmbolos Patrios, al sur de la capital, por considerar que se cometer\u00e1 un ecocidio, con el derribo del menos mil 500 \u00e1rboles.<\/p>\n\n\n\n<p>Durante su manifestaci\u00f3n que llam\u00f3 pac\u00edfica, admiti\u00f3 en entrevista que adeuda tenencias de autobuses urbanos de pasajeros de las dos l\u00edneas que tiene concesionadas en la ciudad de Oaxaca.<\/p>\n\n\n\n<p>Sin embargo, la legisladora se irrit\u00f3 cuando un reportero le cuestion\u00f3 si su protesta ambientalista era por enojo contra el gobierno, tras ser exhibida como deudora.<\/p>\n\n\n\n<p>&#8211;\u00bfEsta no es una rencilla pol\u00edtica con el Gobierno del Estado por lo que se ha dado a conocer de unas multas que tiene en la Semovi\u2026? &#8211;pregunt\u00f3 Mario Romero.<\/p>\n\n\n\n<p>&#8211;\u00a1No le movamos! \u00a1Ni le permito ni a usted ni a nadie que, una cosa se traslade con otra!<\/p>\n\n\n\n<p>&#8211;\u00bfNo hay una rencilla con el Gobierno del Estado?<\/p>\n\n\n\n<p>&#8211;A ver, \u00a1yo no tengo ninguna rencilla con nadie! \u00a1Esto es un acto de vida!<\/p>\n\n\n\n<p>\u201cY por el otro lado, tambi\u00e9n le contesto, \u00bfeh? Por supuesto que debo. Nada m\u00e1s d\u00edgame qu\u00e9 empresario no debe, primer punto. Segundo punto: solicit\u00e9 de la manera m\u00e1s gentil que nos incrementaran nuestras exenciones fiscales, cosa que de muy buena manera el secretario de Finanzas aprob\u00f3 y al cual me allan\u00e9 para pagar lo que tengo que pagar con el descuento correspondientes.<\/p>\n\n\n\n<p>\u201cPor lo tanto mi\u2019jo, son dos cosas muy diferentes y \u00a1esto no es un acto de venganza!, \u00bfpor qu\u00e9 va a ser un acto de venganza? \u00a1Es un acto de vida!<\/p>\n\n\n\n<p>&#8211;Yo s\u00f3lo estoy preguntando.<\/p>\n\n\n\n<p>&#8211;Y yo le estoy contestando, \u00a1esto es un acto de vida!<\/p>\n\n\n\n<p>&#8211;\u00bfAlgo m\u00e1s que desee comentar?<\/p>\n\n\n\n<p>&#8211;\u00a1Nada m\u00e1s que f\u00edjese bien sus palabras y sus preguntas!<\/p>\n\n\n\n<p>La legisladora, ex funcionaria del gobierno de Oaxaca, coloc\u00f3 ayer mo\u00f1os negros a algunos \u00e1rboles de la avenida S\u00edmbolos Patrios, al sur de la ciudad de Oaxaca, y se abraz\u00f3 a un ejemplar.<\/p>\n\n\n\n<p>L\u00f3pez Acevedo fue exhibida la semana pasada, con documentos, que debe al menos cinco a\u00f1os de tenencia de autobuses urbanos, de las l\u00edneas Choferes del Sur y Transportes Urbanos de la Ciudad de Oaxaca.<\/p>\n","protected":false},"excerpt":{"rendered":"<p>Redacci\u00f3n\/Zona Roja. Oaxaca de Ju\u00e1rez, Oax., 7 de agosto de 2021.- La diputada local por&hellip;<\/p>\n","protected":false},"author":2,"featured_media":30672,"comment_status":"closed","ping_status":"open","sticky":false,"template":"","format":"standard","meta":{"_lmt_disableupdate":"","_lmt_disable":"","_jetpack_memberships_contains_paid_content":false,"footnotes":""},"categories":[109,47],"tags":[2796],"class_list":["post-30671","post","type-post","status-publish","format-standard","has-post-thumbnail","hentry","category-minuto-a-minuto","category-zona-gris","tag-aurora-lopez-acevedo"],"jetpack_featured_media_url":"https:\/\/zonaroja.com.mx\/wp-content\/uploads\/2021\/08\/Aurora-Lopez-Acevedo.jpg","jetpack_sharing_enabled":true,"_links":{"self":[{"href":"https:\/\/zonaroja.com.mx\/index.php?rest_route=\/wp\/v2\/posts\/30671","targetHints":{"allow":["GET"]}}],"collection":[{"href":"https:\/\/zonaroja.com.mx\/index.php?rest_route=\/wp\/v2\/posts"}],"about":[{"href":"https:\/\/zonaroja.com.mx\/index.php?rest_route=\/wp\/v2\/types\/post"}],"author":[{"embeddable":true,"href":"https:\/\/zonaroja.com.mx\/index.php?rest_route=\/wp\/v2\/users\/2"}],"replies":[{"embeddable":true,"href":"https:\/\/zonaroja.com.mx\/index.php?rest_route=%2Fwp%2Fv2%2Fcomments&post=30671"}],"version-history":[{"count":1,"href":"https:\/\/zonaroja.com.mx\/index.php?rest_route=\/wp\/v2\/posts\/30671\/revisions"}],"predecessor-version":[{"id":30673,"href":"https:\/\/zonaroja.com.mx\/index.php?rest_route=\/wp\/v2\/posts\/30671\/revisions\/30673"}],"wp:featuredmedia":[{"embeddable":true,"href":"https:\/\/zonaroja.com.mx\/index.php?rest_route=\/wp\/v2\/media\/30672"}],"wp:attachment":[{"href":"https:\/\/zonaroja.com.mx\/index.php?rest_route=%2Fwp%2Fv2%2Fmedia&parent=30671"}],"wp:term":[{"taxonomy":"category","embeddable":true,"href":"https:\/\/zonaroja.com.mx\/index.php?rest_route=%2Fwp%2Fv2%2Fcategories&post=30671"},{"taxonomy":"post_tag","embeddable":true,"href":"https:\/\/zonaroja.com.mx\/index.php?rest_route=%2Fwp%2Fv2%2Ftags&post=30671"}],"curies":[{"name":"wp","href":"https:\/\/api.w.org\/{rel}","templated":true}]}}