{"id":30674,"date":"2021-08-08T11:19:28","date_gmt":"2021-08-08T16:19:28","guid":{"rendered":"https:\/\/www.zonaroja.com.mx\/?p=30674"},"modified":"2021-08-08T11:19:35","modified_gmt":"2021-08-08T16:19:35","slug":"registra-oaxaca-este-domingo-tres-homicidios-dos-de-ellos-con-signos-de-ejecucion","status":"publish","type":"post","link":"https:\/\/zonaroja.com.mx\/?p=30674","title":{"rendered":"Registra Oaxaca este domingo tres homicidios, dos de ellos con signos de ejecuci\u00f3n"},"content":{"rendered":"\n<p>Ismael Garc\u00eda M.\/Zona Roja.<\/p>\n\n\n\n<p>Oaxaca de Ju\u00e1rez, Oax., 8 de agosto de 2021.- Tres personas fueron asesinadas a balazos este domingo en Oaxaca, dos de ellas con signos de ejecuci\u00f3n.<\/p>\n\n\n\n<p>Alrededor de las 03:30 horas, en Santa Mar\u00eda Mixtequilla, regi\u00f3n del Istmo de Tehuantepec, dos individuos fueron ejecutados, en una cancha deportiva. <\/p>\n\n\n\n<p>Las v\u00edctimas fueron identificadas de manera preliminar como Jes\u00fas E. C., alias \u00abGlenda\u00bb, y Osiel E. M. conocido como \u00abEl Pajaro\u00bb. <\/p>\n\n\n\n<p>Hasta el momento se desconoce el m\u00f3vil del doble homicidio y tambi\u00e9n la identidad del o los agresores. <\/p>\n\n\n\n<p>Por otra parte, en la comunidad El Regad\u00edo, de San Pedro Mixtepec, este d\u00eda fue agredido a balazos un adolescente de 16 a\u00f1os de edad.<\/p>\n\n\n\n<p>La v\u00edctima identificada como Francisco C. A., fue trasladada a un cl\u00ednica privada, donde posteriormente perdi\u00f3 la vida.<\/p>\n\n\n\n<p>Tambi\u00e9n se desconoce qui\u00e9n o quienes le agredieron, con disparos de arma de fuego en la cabeza. En los dos casos no hay personas detenidas. <\/p>\n","protected":false},"excerpt":{"rendered":"<p>Ismael Garc\u00eda M.\/Zona Roja. Oaxaca de Ju\u00e1rez, Oax., 8 de agosto de 2021.- Tres personas&hellip;<\/p>\n","protected":false},"author":2,"featured_media":30407,"comment_status":"closed","ping_status":"open","sticky":false,"template":"","format":"standard","meta":{"_lmt_disableupdate":"","_lmt_disable":"","_jetpack_memberships_contains_paid_content":false,"footnotes":""},"categories":[109,51],"tags":[2138],"class_list":["post-30674","post","type-post","status-publish","format-standard","has-post-thumbnail","hentry","category-minuto-a-minuto","category-zona-roja","tag-santa-maria-mixtequilla"],"jetpack_featured_media_url":"https:\/\/zonaroja.com.mx\/wp-content\/uploads\/2021\/08\/Escena-del-crimen-homicidio-violencia.jpg","jetpack_sharing_enabled":true,"_links":{"self":[{"href":"https:\/\/zonaroja.com.mx\/index.php?rest_route=\/wp\/v2\/posts\/30674","targetHints":{"allow":["GET"]}}],"collection":[{"href":"https:\/\/zonaroja.com.mx\/index.php?rest_route=\/wp\/v2\/posts"}],"about":[{"href":"https:\/\/zonaroja.com.mx\/index.php?rest_route=\/wp\/v2\/types\/post"}],"author":[{"embeddable":true,"href":"https:\/\/zonaroja.com.mx\/index.php?rest_route=\/wp\/v2\/users\/2"}],"replies":[{"embeddable":true,"href":"https:\/\/zonaroja.com.mx\/index.php?rest_route=%2Fwp%2Fv2%2Fcomments&post=30674"}],"version-history":[{"count":1,"href":"https:\/\/zonaroja.com.mx\/index.php?rest_route=\/wp\/v2\/posts\/30674\/revisions"}],"predecessor-version":[{"id":30675,"href":"https:\/\/zonaroja.com.mx\/index.php?rest_route=\/wp\/v2\/posts\/30674\/revisions\/30675"}],"wp:featuredmedia":[{"embeddable":true,"href":"https:\/\/zonaroja.com.mx\/index.php?rest_route=\/wp\/v2\/media\/30407"}],"wp:attachment":[{"href":"https:\/\/zonaroja.com.mx\/index.php?rest_route=%2Fwp%2Fv2%2Fmedia&parent=30674"}],"wp:term":[{"taxonomy":"category","embeddable":true,"href":"https:\/\/zonaroja.com.mx\/index.php?rest_route=%2Fwp%2Fv2%2Fcategories&post=30674"},{"taxonomy":"post_tag","embeddable":true,"href":"https:\/\/zonaroja.com.mx\/index.php?rest_route=%2Fwp%2Fv2%2Ftags&post=30674"}],"curies":[{"name":"wp","href":"https:\/\/api.w.org\/{rel}","templated":true}]}}