{"id":30684,"date":"2021-08-08T18:06:12","date_gmt":"2021-08-08T23:06:12","guid":{"rendered":"http:\/\/www.zonaroja.com.mx\/?p=30684"},"modified":"2021-08-08T18:06:18","modified_gmt":"2021-08-08T23:06:18","slug":"mexico-pobreza-extrema-tambien-en-medallero-olimpico","status":"publish","type":"post","link":"https:\/\/zonaroja.com.mx\/?p=30684","title":{"rendered":"M\u00e9xico, pobreza extrema tambi\u00e9n en medallero ol\u00edmpico"},"content":{"rendered":"\n<p>Redacci\u00f3n\/Zona Roja Cdmx.<\/p>\n\n\n\n<p>Ciudad de M\u00e9xico, 8 de agosto de 2021.- La delegaci\u00f3n de M\u00e9xico en los Juegos Ol\u00edmpicos Tokio 2020, consigui\u00f3 el peor resultado en el presente siglo, en su historia en estas justas deportivas mundiales.<\/p>\n\n\n\n<p>En casi un mes de competencias, en medio del temor de contagios por Covid-19, s\u00f3lo obtuvo cuatro medallas de bronce, la \u00faltima de ellas en futbol, con la Selecci\u00f3n Mexicana.<\/p>\n\n\n\n<p>Por el contrario, fue una de las delegaciones m\u00e1s numerosas que particip\u00f3 en la justa, con 163 participantes, de los cuales, ni el 10 por ciento pas\u00f3 a una final.<\/p>\n\n\n\n<p>Fue en Atlanta, Estados Unidos, en 1996, en que M\u00e9xico obtuvo los resultados m\u00e1s desastrosos, con s\u00f3lo una medalla de bronce, con el marchista Bernardo Segura.<\/p>\n\n\n\n<p>Los logros m\u00e1s relevantes fueron en M\u00e9xico 1968, en que alcanz\u00f3 tres medallas de oro, tres de plata y tres de bronce.<\/p>\n\n\n\n<p>En el tablero general, al finalizar este domingo los Juegos Ol\u00edmpicos Tokio 2020, que se realiz\u00f3 un a\u00f1o despu\u00e9s, a causa de la pandemia por Covid, los Estados Unidos de Norteam\u00e9rica se colocaron en el primer sitio, con 39 de oro, 41 de plata y 33 de bronce, para un total de 113.<\/p>\n\n\n\n<p>Le sigui\u00f3 China con 88 medallas en total y Jap\u00f3n con 58; Brasil en el lugar 12 con 21 preseas, Cuca en el sitio 14 con 15 y M\u00e9xico en el lugar 84, con cuatro medallas de bronce.<\/p>\n","protected":false},"excerpt":{"rendered":"<p>Redacci\u00f3n\/Zona Roja Cdmx. Ciudad de M\u00e9xico, 8 de agosto de 2021.- La delegaci\u00f3n de M\u00e9xico&hellip;<\/p>\n","protected":false},"author":2,"featured_media":30685,"comment_status":"closed","ping_status":"open","sticky":false,"template":"","format":"standard","meta":{"_lmt_disableupdate":"","_lmt_disable":"","_jetpack_memberships_contains_paid_content":false,"footnotes":""},"categories":[109,47],"tags":[2821],"class_list":["post-30684","post","type-post","status-publish","format-standard","has-post-thumbnail","hentry","category-minuto-a-minuto","category-zona-gris","tag-olimpiadas-tokio-2020"],"jetpack_featured_media_url":"https:\/\/zonaroja.com.mx\/wp-content\/uploads\/2021\/08\/Juegos-Olimpicos-Mexico.jpg","jetpack_sharing_enabled":true,"_links":{"self":[{"href":"https:\/\/zonaroja.com.mx\/index.php?rest_route=\/wp\/v2\/posts\/30684","targetHints":{"allow":["GET"]}}],"collection":[{"href":"https:\/\/zonaroja.com.mx\/index.php?rest_route=\/wp\/v2\/posts"}],"about":[{"href":"https:\/\/zonaroja.com.mx\/index.php?rest_route=\/wp\/v2\/types\/post"}],"author":[{"embeddable":true,"href":"https:\/\/zonaroja.com.mx\/index.php?rest_route=\/wp\/v2\/users\/2"}],"replies":[{"embeddable":true,"href":"https:\/\/zonaroja.com.mx\/index.php?rest_route=%2Fwp%2Fv2%2Fcomments&post=30684"}],"version-history":[{"count":1,"href":"https:\/\/zonaroja.com.mx\/index.php?rest_route=\/wp\/v2\/posts\/30684\/revisions"}],"predecessor-version":[{"id":30686,"href":"https:\/\/zonaroja.com.mx\/index.php?rest_route=\/wp\/v2\/posts\/30684\/revisions\/30686"}],"wp:featuredmedia":[{"embeddable":true,"href":"https:\/\/zonaroja.com.mx\/index.php?rest_route=\/wp\/v2\/media\/30685"}],"wp:attachment":[{"href":"https:\/\/zonaroja.com.mx\/index.php?rest_route=%2Fwp%2Fv2%2Fmedia&parent=30684"}],"wp:term":[{"taxonomy":"category","embeddable":true,"href":"https:\/\/zonaroja.com.mx\/index.php?rest_route=%2Fwp%2Fv2%2Fcategories&post=30684"},{"taxonomy":"post_tag","embeddable":true,"href":"https:\/\/zonaroja.com.mx\/index.php?rest_route=%2Fwp%2Fv2%2Ftags&post=30684"}],"curies":[{"name":"wp","href":"https:\/\/api.w.org\/{rel}","templated":true}]}}