{"id":30687,"date":"2021-08-08T18:23:32","date_gmt":"2021-08-08T23:23:32","guid":{"rendered":"http:\/\/www.zonaroja.com.mx\/?p=30687"},"modified":"2021-08-08T18:23:36","modified_gmt":"2021-08-08T23:23:36","slug":"recula-congreso-ya-no-discutira-iniciativa-para-gobernador-por-dos-anos","status":"publish","type":"post","link":"https:\/\/zonaroja.com.mx\/?p=30687","title":{"rendered":"Recula Congreso: ya no discutir\u00e1 iniciativa para gobernador por dos a\u00f1os"},"content":{"rendered":"\n<p>Redacci\u00f3n\/Zona Roja.<\/p>\n\n\n\n<p>Oaxaca de Ju\u00e1rez, Oax., 8 de agosto de 2021.- Tras diversos se\u00f1alamientos, entre ellos de ofrecer dinero para que fuera aprobada su iniciativa, finalmente el diputado Fredie Delf\u00edn Avenda\u00f1o recul\u00f3 y dijo que el Congreso del Oaxaca ya no discutir\u00e1 la reforma electoral para tener un gobernador por dos a\u00f1os.<\/p>\n\n\n\n<p>En un comunicado, inform\u00f3 que el plazo para realizar cualquier reforma venci\u00f3 la primera semana de junio; por tanto, el pr\u00f3ximo o pr\u00f3xima gobernadora de Oaxaca tendr\u00e1 un mandato de seis a\u00f1os.<\/p>\n\n\n\n<p>Record\u00f3 que la actual ley electoral establece que podr\u00e1 realizarse cualquier cambio a la normatividad en la materia, hasta 90 d\u00edas antes de iniciar el proceso, fijado para la primera semana de septiembre pr\u00f3ximo.<\/p>\n\n\n\n<p>\u201cSin embargo, la iniciativa presentada en mayo pasado -para homologar las elecciones locales, federales y municipales en el 2024, dejando un gobierno de dos a\u00f1os- qued\u00f3 en el intento, pues no hubo consenso y se rebasaron los plazos fatales\u201d, expuso en el bolet\u00edn.<\/p>\n\n\n\n<p>En tanto, adelant\u00f3 que los efectos de la pandemia actual podr\u00edan presionar al Congreso a posponer el inicio del proceso electoral, como sucedi\u00f3 en la reciente contienda.<\/p>\n","protected":false},"excerpt":{"rendered":"<p>Redacci\u00f3n\/Zona Roja. Oaxaca de Ju\u00e1rez, Oax., 8 de agosto de 2021.- Tras diversos se\u00f1alamientos, entre&hellip;<\/p>\n","protected":false},"author":2,"featured_media":20982,"comment_status":"closed","ping_status":"open","sticky":false,"template":"","format":"standard","meta":{"_lmt_disableupdate":"","_lmt_disable":"","_jetpack_memberships_contains_paid_content":false,"footnotes":""},"categories":[109,47],"tags":[213],"class_list":["post-30687","post","type-post","status-publish","format-standard","has-post-thumbnail","hentry","category-minuto-a-minuto","category-zona-gris","tag-64-legislatura-de-oaxaca"],"jetpack_featured_media_url":"https:\/\/zonaroja.com.mx\/wp-content\/uploads\/2020\/12\/Congreso-del-Estado-2.jpg","jetpack_sharing_enabled":true,"_links":{"self":[{"href":"https:\/\/zonaroja.com.mx\/index.php?rest_route=\/wp\/v2\/posts\/30687","targetHints":{"allow":["GET"]}}],"collection":[{"href":"https:\/\/zonaroja.com.mx\/index.php?rest_route=\/wp\/v2\/posts"}],"about":[{"href":"https:\/\/zonaroja.com.mx\/index.php?rest_route=\/wp\/v2\/types\/post"}],"author":[{"embeddable":true,"href":"https:\/\/zonaroja.com.mx\/index.php?rest_route=\/wp\/v2\/users\/2"}],"replies":[{"embeddable":true,"href":"https:\/\/zonaroja.com.mx\/index.php?rest_route=%2Fwp%2Fv2%2Fcomments&post=30687"}],"version-history":[{"count":1,"href":"https:\/\/zonaroja.com.mx\/index.php?rest_route=\/wp\/v2\/posts\/30687\/revisions"}],"predecessor-version":[{"id":30688,"href":"https:\/\/zonaroja.com.mx\/index.php?rest_route=\/wp\/v2\/posts\/30687\/revisions\/30688"}],"wp:featuredmedia":[{"embeddable":true,"href":"https:\/\/zonaroja.com.mx\/index.php?rest_route=\/wp\/v2\/media\/20982"}],"wp:attachment":[{"href":"https:\/\/zonaroja.com.mx\/index.php?rest_route=%2Fwp%2Fv2%2Fmedia&parent=30687"}],"wp:term":[{"taxonomy":"category","embeddable":true,"href":"https:\/\/zonaroja.com.mx\/index.php?rest_route=%2Fwp%2Fv2%2Fcategories&post=30687"},{"taxonomy":"post_tag","embeddable":true,"href":"https:\/\/zonaroja.com.mx\/index.php?rest_route=%2Fwp%2Fv2%2Ftags&post=30687"}],"curies":[{"name":"wp","href":"https:\/\/api.w.org\/{rel}","templated":true}]}}