{"id":30689,"date":"2021-08-08T20:56:19","date_gmt":"2021-08-09T01:56:19","guid":{"rendered":"http:\/\/www.zonaroja.com.mx\/?p=30689"},"modified":"2021-08-08T20:56:23","modified_gmt":"2021-08-09T01:56:23","slug":"se-rebelan-prestadores-de-servicios-turisticos-de-huatulco-no-cerraran","status":"publish","type":"post","link":"https:\/\/zonaroja.com.mx\/?p=30689","title":{"rendered":"Se rebelan prestadores de servicios tur\u00edsticos de Huatulco: no cerrar\u00e1n"},"content":{"rendered":"\n<p>Ismael Garc\u00eda M.\/Zona Roja.<\/p>\n\n\n\n<p>Oaxaca de Ju\u00e1rez, Oax., 8 de agosto de 2021.- Tras el anuncio del ayuntamiento de Santa Mar\u00eda Huatulco de cerrar totalmente las actividades tur\u00edsticas del 9 al 31 de agosto, prestadores de servicios tur\u00edsticos se rebelaron hoy.<\/p>\n\n\n\n<p>A trav\u00e9s de un breve comunicado y un video, los hoteleros se\u00f1alaron que no acatar\u00e1n la medida, pues se afectan fuentes de empleo e ingresos de cientos de familias.<\/p>\n\n\n\n<p>\u201cOaxaca se encuentra en sem\u00e1foro naranja, por lo que todas las c\u00e1maras de Huatulco no aceptamos el cierre, seguiremos laborando, aunado a que Huatulco cuenta con una certificaci\u00f3n Wellnees y seguimos todos los protocolos de seguridad.<\/p>\n\n\n\n<p>\u201cEl 97% de todos los prestadores de servicios nos encontramos vacunados\u201d, refiere una publicaci\u00f3n fechada este domingo, signada por la Asociaci\u00f3n de Hoteles y Moteles de Huatulco, la Canirac, la asociaci\u00f3n de Gu\u00edas de Turistas, la Canaco, entre otros.<\/p>\n\n\n\n<figure class=\"wp-block-embed-twitter wp-block-embed is-type-rich is-provider-twitter\"><div class=\"wp-block-embed__wrapper\">\n<div class=\"twitter-tweet\"><blockquote class=\"twitter-tweet\" data-lang=\"es\"><p lang=\"es\" dir=\"ltr\"><a href=\"https:\/\/twitter.com\/hashtag\/%C3%9AltimoMinuto?src=hash&amp;ref_src=twsrc%5Etfw\">#\u00daltimoMinuto<\/a> <br>Hoteleros de Bah\u00edas de <a href=\"https:\/\/twitter.com\/hashtag\/Huatulco?src=hash&amp;ref_src=twsrc%5Etfw\">#Huatulco<\/a> se rebelan a la medida anunciada por el ayuntamiento, de cerrar playas y centros de hospedaje, entre otros, desde ma\u00f1ana y hasta el 31 de agosto. <br>Se organizan para mantener la apertura de sitios tur\u00edsticos. <a href=\"https:\/\/t.co\/KY4cDtq3xH\">pic.twitter.com\/KY4cDtq3xH<\/a><\/p>&mdash; Zona Roja Oaxaca (@Zona_Roja_Oax) <a href=\"https:\/\/twitter.com\/Zona_Roja_Oax\/status\/1424522411257520128?ref_src=twsrc%5Etfw\">9 de agosto de 2021<\/a><\/blockquote><\/div>\n<\/div><\/figure>\n\n\n\n<p>\u201cEl H. Ayuntamiento, con un acto cobarde y prepotente, ordena cerrar los hoteles el d\u00eda de ma\u00f1ana, y no vamos a cerrar nada nada, la Asociaci\u00f3n de Hoteles se va a amparar, pero nosotros como organizaci\u00f3n tenemos que estar al pendiente, porque si tenemos que defender nuestro trabajo, lo vamos a hacer\u201d, dijo un hotelero agremiado a trav\u00e9s de un video.<\/p>\n\n\n\n<p>El pasado viernes al menos seis municipios, entre ellos Santa Mar\u00eda Huatulco, determinaron de manera conjunta aplicar el sem\u00e1foro epidemiol\u00f3gico en color rojo, ante el creciente n\u00famero de contagios por Covid-19.<\/p>\n\n\n\n<p>Y este domingo, el ayuntamiento de Huatulco emiti\u00f3 un comunicado, en que confirm\u00f3 el cierre total de las actividades tur\u00edsticas, del 9 al 31 de agosto.<\/p>\n","protected":false},"excerpt":{"rendered":"<p>Ismael Garc\u00eda M.\/Zona Roja. Oaxaca de Ju\u00e1rez, Oax., 8 de agosto de 2021.- Tras el&hellip;<\/p>\n","protected":false},"author":2,"featured_media":12589,"comment_status":"closed","ping_status":"open","sticky":false,"template":"","format":"standard","meta":{"_lmt_disableupdate":"","_lmt_disable":"","_jetpack_memberships_contains_paid_content":false,"footnotes":""},"categories":[109,47],"tags":[1337],"class_list":["post-30689","post","type-post","status-publish","format-standard","has-post-thumbnail","hentry","category-minuto-a-minuto","category-zona-gris","tag-santa-maria-huatulco"],"jetpack_featured_media_url":"https:\/\/zonaroja.com.mx\/wp-content\/uploads\/2020\/05\/Santa-Mar\u00eda-Huatulco.jpg","jetpack_sharing_enabled":true,"_links":{"self":[{"href":"https:\/\/zonaroja.com.mx\/index.php?rest_route=\/wp\/v2\/posts\/30689","targetHints":{"allow":["GET"]}}],"collection":[{"href":"https:\/\/zonaroja.com.mx\/index.php?rest_route=\/wp\/v2\/posts"}],"about":[{"href":"https:\/\/zonaroja.com.mx\/index.php?rest_route=\/wp\/v2\/types\/post"}],"author":[{"embeddable":true,"href":"https:\/\/zonaroja.com.mx\/index.php?rest_route=\/wp\/v2\/users\/2"}],"replies":[{"embeddable":true,"href":"https:\/\/zonaroja.com.mx\/index.php?rest_route=%2Fwp%2Fv2%2Fcomments&post=30689"}],"version-history":[{"count":1,"href":"https:\/\/zonaroja.com.mx\/index.php?rest_route=\/wp\/v2\/posts\/30689\/revisions"}],"predecessor-version":[{"id":30690,"href":"https:\/\/zonaroja.com.mx\/index.php?rest_route=\/wp\/v2\/posts\/30689\/revisions\/30690"}],"wp:featuredmedia":[{"embeddable":true,"href":"https:\/\/zonaroja.com.mx\/index.php?rest_route=\/wp\/v2\/media\/12589"}],"wp:attachment":[{"href":"https:\/\/zonaroja.com.mx\/index.php?rest_route=%2Fwp%2Fv2%2Fmedia&parent=30689"}],"wp:term":[{"taxonomy":"category","embeddable":true,"href":"https:\/\/zonaroja.com.mx\/index.php?rest_route=%2Fwp%2Fv2%2Fcategories&post=30689"},{"taxonomy":"post_tag","embeddable":true,"href":"https:\/\/zonaroja.com.mx\/index.php?rest_route=%2Fwp%2Fv2%2Ftags&post=30689"}],"curies":[{"name":"wp","href":"https:\/\/api.w.org\/{rel}","templated":true}]}}