{"id":30691,"date":"2021-08-09T07:39:56","date_gmt":"2021-08-09T12:39:56","guid":{"rendered":"http:\/\/www.zonaroja.com.mx\/?p=30691"},"modified":"2021-08-09T07:40:00","modified_gmt":"2021-08-09T12:40:00","slug":"opinion-alberto-esteva-y-su-estela-de-fracasos","status":"publish","type":"post","link":"https:\/\/zonaroja.com.mx\/?p=30691","title":{"rendered":"Opini\u00f3n. Alberto Esteva y su estela de fracasos"},"content":{"rendered":"\n<p>Ismael Garc\u00eda M.\/Zona Roja.<\/p>\n\n\n\n<p>Oaxaca de Ju\u00e1rez, Oax., 9 de agosto de 2021.- \u00bfCu\u00e1ndo se afili\u00f3 al Partido Morena? Nadie sabe ni cu\u00e1ndo dej\u00f3 la casaca del Movimiento Ciudadano, pero ahora dice que tiene aspiraciones de ser candidato a gobernador de Oaxaca. Leg\u00edtimo deseo de Alberto Esteva Salinas, s\u00f3lo que su pasado de fracasos lo persigue.<\/p>\n\n\n\n<p>Ando \u201cen el territorio oaxaque\u00f1o, s\u00e1bados y domingos, escuchando, reflexionando con quienes quieren un cambio, una transformaci\u00f3n en el estado de Oaxaca. Yo sostengo que esto es posible si nos lo imaginamos y veo que est\u00e1n las condiciones dadas, aspiro a ser candidato a gobernador, hay un proceso interno del movimiento que yo formo parte, que es la 4T, es el momento que Oaxaca sufra un proceso de transformaci\u00f3n, de cambio verdadero\u201d, declar\u00f3 el pasado fin de semana.<\/p>\n\n\n\n<p>Licenciado en Relaciones Internacionales, en sus inicios era m\u00e1s conocido por su incursi\u00f3n en el ramo restaurantero, con \u201cLas Campanas\u201d, en San Felipe del Agua, sitio preferido por los pol\u00edticos de los 90, para reuniones, eventos y convivios.<\/p>\n\n\n\n<p>Priista de muchos a\u00f1os, presume una trayectoria pol\u00edtica y administrativa de 35 a\u00f1os, pero en su mayor\u00eda en cargos p\u00fablicos menores, irrelevantes, fuera del estado.<\/p>\n\n\n\n<p>En Oaxaca, se distanci\u00f3 de Jos\u00e9 Murat apenas \u00e9ste asumi\u00f3 la gubernatura; opt\u00f3 por refugiarse con Gabino Cu\u00e9 Monteagudo, cuando \u00e9ste gan\u00f3 la alcald\u00eda de la capital por el Convergencia.<\/p>\n\n\n\n<p>DESEMPE\u00d1O GRIS&nbsp;<\/p>\n\n\n\n<p>Pero la mayor parte de su carrera pol\u00edtica la  realiz\u00f3 en la Ciudad de M\u00e9xico, iniciada con el respaldo del ex gobernador interino Jes\u00fas Mart\u00ednez \u00c1lvarez, priista tambi\u00e9n.<\/p>\n\n\n\n<p>Gris y criticable su desempe\u00f1o en varios cargos, entre ellos director de transporte de la Ruta 100, donde se presume incurri\u00f3 en un desfalco.<\/p>\n\n\n\n<p>Diputado federal plurinominal en la LX Legislatura, despu\u00e9s de ello intent\u00f3 probar suerte en Oaxaca, precisamente a ra\u00edz de la creaci\u00f3n del Partido Convergencia.<\/p>\n\n\n\n<p>Presume en su curr\u00edculum haber fungido como coordinador de Asesores del Comisionado Nacional contra las Adicciones; director de Enlace de Medios de comunicaci\u00f3n en Provincia, por parte de la Secretar\u00eda de Gobernaci\u00f3n; Subdirector de Informaci\u00f3n; Coordinador de Informaci\u00f3n y Difusi\u00f3n de la Direcci\u00f3n General de Investigaci\u00f3n y Seguridad Nacional, de la Secretar\u00eda de Gobernaci\u00f3n.<\/p>\n\n\n\n<p>De su escasa incursi\u00f3n pol\u00edtica en la entidad, su mayor participaci\u00f3n fue en el gabinete de Gabino Cu\u00e9, 2013 a 2015, como secretario de Seguridad P\u00fablica;  luego de ser corrido, devino en jefe de la oficina de la gubernatura y posteriormente coordinador de asesores, para regresar a la Ciudad de M\u00e9xico, como asesor del Comisionado Nacional contra las Adicciones.<\/p>\n\n\n\n<p>La raz\u00f3n: sus pleitos con Benjam\u00edn Robles Montoya, quien al final le gan\u00f3 la partida, y el partido.<\/p>\n\n\n\n<p>Se regres\u00f3 a la Ciudad de M\u00e9xico, donde ha desempe\u00f1ado toda su vida pol\u00edtica y social, y el 1 de octubre de 2018 Layda Sansores, tambi\u00e9n ex de Convergencia, lo design\u00f3 director de Administraci\u00f3n de la alcald\u00eda \u00c1lvaro Obreg\u00f3n.<\/p>\n\n\n\n<p>De ambos no se sabe cu\u00e1ndo mutaron al Partido Morena pero as\u00ed se asumen; Layda se fue de candidata a gobernadora de su natal Campeche, por lo que esteva fue designado alcalde sustituto, el pasado 30 de marzo.<\/p>\n\n\n\n<p>Nadie habla de los supuestos logros en la alcald\u00eda \u00c1lvaro Obreg\u00f3n, en la Ciudad de M\u00e9xico. Pero en su tierra, todos recuerdan sus fracasos, el principal de ellos al frente de la Secretar\u00eda de Seguridad P\u00fablica, que utiliz\u00f3 para hacer promoci\u00f3n pol\u00edtica permanente, pintando hasta las patrullas del color naranja de Convergencia, as\u00ed como mensajes motivadores en patrullas, bardas y sedes de la SSPO, todo con coloridos detalles de su partido, Convergencia, que despu\u00e9s mut\u00f3 a Movimiento Ciudadano.<\/p>\n\n\n\n<p>El hartazgo lleg\u00f3 a la corporaci\u00f3n y el 14 de septiembre de 2014 finalmente estall\u00f3 un paro de labores, que dos semanas despu\u00e9s, logr\u00f3 la destituci\u00f3n de Esteva Salinas.<\/p>\n\n\n\n<p>EL REPUDIO<\/p>\n\n\n\n<p>Desde hace un mes, Alberto Esteva abandon\u00f3 el cargo en la alcald\u00eda \u00c1lvaro Obreg\u00f3n &#8211;luego que perder las elecciones con el PAN-PRI-PRD&#8211; para venir a hacer proselitismo en Oaxaca, con uso de recursos p\u00fablicos.<\/p>\n\n\n\n<p>No bien comenz\u00f3 a hacer presencia en Oaxaca y ya fue repudiado. D\u00edas antes del 1 de agosto, como otros aspirantes morenistas, comenz\u00f3 a difundir la consulta popular, a trav\u00e9s de lonas que colg\u00f3 en distintos puntos de la capital.<\/p>\n\n\n\n<p>Pero m\u00e1s tard\u00f3 en hacerlo que el Frente Popular Revolucionario en quitar su propaganda y posteriormente, el 26 de julio, las quem\u00f3 frente a la Casa Oficial de Gobierno.<\/p>\n\n\n\n<p>Apenas el pasado fin de semana inici\u00f3 su periplo por el interior del estado, en la regi\u00f3n de la Mixteca.<\/p>\n\n\n\n<p>\u201cEs muy importante que Oaxaca tenga lo que nunca ha tenido en estos a\u00f1os en la actual administraci\u00f3n, un gobierno de nativos, de oriundos oaxaque\u00f1os, que amen a su tierra\u2026<\/p>\n\n\n\n<p>\u201cOaxaca necesita un perfil que convoque, que escuche, que haga una propuesta para transformar Oaxaca\u201d, dijo a un medio informativo de Nochixtl\u00e1n\u2026 s\u00f3lo que el FPR le tiene preparadas varias sorpresas, para desquitarse de la persecuci\u00f3n policiaca hacia sus dirigentes. <\/p>\n\n\n\n<p>\u00bfTiene Esteva alguna posibilidad de ser candidato a gobernador? Ninguna. \u00bfTiene capacidad pol\u00edtica, presencia en el interior del estado, militantes y seguidores? Tampoco. En lugar de desperdiciar el dinero p\u00fablico, deber\u00eda regresar y responder a las exigencias de su sucesora, L\u00eda Lim\u00f3n: que entregue cuentas e inicie el proceso de entrega-recepci\u00f3n.<\/p>\n","protected":false},"excerpt":{"rendered":"<p>Ismael Garc\u00eda M.\/Zona Roja. Oaxaca de Ju\u00e1rez, Oax., 9 de agosto de 2021.- \u00bfCu\u00e1ndo se&hellip;<\/p>\n","protected":false},"author":2,"featured_media":7610,"comment_status":"closed","ping_status":"open","sticky":false,"template":"","format":"standard","meta":{"_lmt_disableupdate":"","_lmt_disable":"","_jetpack_memberships_contains_paid_content":false,"footnotes":""},"categories":[456,109,48],"tags":[1353],"class_list":["post-30691","post","type-post","status-publish","format-standard","has-post-thumbnail","hentry","category-columna","category-minuto-a-minuto","category-zona-critica","tag-opinion-zona-critica"],"jetpack_featured_media_url":"https:\/\/zonaroja.com.mx\/wp-content\/uploads\/2020\/01\/Opini\u00f3n-Zona-Cr\u00edtica.jpg","jetpack_sharing_enabled":true,"_links":{"self":[{"href":"https:\/\/zonaroja.com.mx\/index.php?rest_route=\/wp\/v2\/posts\/30691","targetHints":{"allow":["GET"]}}],"collection":[{"href":"https:\/\/zonaroja.com.mx\/index.php?rest_route=\/wp\/v2\/posts"}],"about":[{"href":"https:\/\/zonaroja.com.mx\/index.php?rest_route=\/wp\/v2\/types\/post"}],"author":[{"embeddable":true,"href":"https:\/\/zonaroja.com.mx\/index.php?rest_route=\/wp\/v2\/users\/2"}],"replies":[{"embeddable":true,"href":"https:\/\/zonaroja.com.mx\/index.php?rest_route=%2Fwp%2Fv2%2Fcomments&post=30691"}],"version-history":[{"count":1,"href":"https:\/\/zonaroja.com.mx\/index.php?rest_route=\/wp\/v2\/posts\/30691\/revisions"}],"predecessor-version":[{"id":30692,"href":"https:\/\/zonaroja.com.mx\/index.php?rest_route=\/wp\/v2\/posts\/30691\/revisions\/30692"}],"wp:featuredmedia":[{"embeddable":true,"href":"https:\/\/zonaroja.com.mx\/index.php?rest_route=\/wp\/v2\/media\/7610"}],"wp:attachment":[{"href":"https:\/\/zonaroja.com.mx\/index.php?rest_route=%2Fwp%2Fv2%2Fmedia&parent=30691"}],"wp:term":[{"taxonomy":"category","embeddable":true,"href":"https:\/\/zonaroja.com.mx\/index.php?rest_route=%2Fwp%2Fv2%2Fcategories&post=30691"},{"taxonomy":"post_tag","embeddable":true,"href":"https:\/\/zonaroja.com.mx\/index.php?rest_route=%2Fwp%2Fv2%2Ftags&post=30691"}],"curies":[{"name":"wp","href":"https:\/\/api.w.org\/{rel}","templated":true}]}}