{"id":30693,"date":"2021-08-09T08:00:52","date_gmt":"2021-08-09T13:00:52","guid":{"rendered":"http:\/\/www.zonaroja.com.mx\/?p=30693"},"modified":"2021-08-09T08:00:54","modified_gmt":"2021-08-09T13:00:54","slug":"asesinaron-a-joven-en-el-istmo-sumaron-4-homicidios-el-domingo","status":"publish","type":"post","link":"https:\/\/zonaroja.com.mx\/?p=30693","title":{"rendered":"Asesinaron a joven en el Istmo; sumaron 4 homicidios el domingo"},"content":{"rendered":"\n<p>Redacci\u00f3n\/Zona Roja.<\/p>\n\n\n\n<p>Oaxaca de Ju\u00e1rez, Oax., 9 de agosto de 2021.- Cuatro personas fueron asesinadas a balazos este domingo en distintas regiones de Oaxaca, entre ellas un adolescente.<\/p>\n\n\n\n<p>El m\u00e1s reciente caso ocurri\u00f3 en el tramo carretero Santiago Niltepec-Santo Domingo Zanatepec,  a la altura del paraje \u00abHuamol\u00bb, en la zona oriente del Istmo de Tehuantepec.<\/p>\n\n\n\n<p>Ah\u00ed localizaron el cad\u00e1ver de un hombre entre 25 y 30 a\u00f1os de edad, con varios impactos de arma de fuego en el cuerpo. Vest\u00eda un pants negro, una playera color verde y unos tenis color negro; presentaba adem\u00e1s el rostro destrozado.<\/p>\n\n\n\n<p>Personal de la Vicefiscal\u00eda Regional del Istmo levant\u00f3 el cuerpo e inici\u00f3 las primeras indagatorias.<\/p>\n\n\n\n<p>Por otra parte, como se inform\u00f3, la madrugada de ayer fueron ejecutadas dos personas, en el municipio de Santa Mar\u00eda Mixtequilla.<\/p>\n\n\n\n<p>Mientras que en la comunidad El Regad\u00edo, de San Pedro Mixtepec, en la regi\u00f3n de la Costa, fue agredido a balazos un adolescente, quien muri\u00f3 en un hospital cuando recib\u00eda atenci\u00f3n m\u00e9dica.<\/p>\n","protected":false},"excerpt":{"rendered":"<p>Redacci\u00f3n\/Zona Roja. Oaxaca de Ju\u00e1rez, Oax., 9 de agosto de 2021.- Cuatro personas fueron asesinadas&hellip;<\/p>\n","protected":false},"author":2,"featured_media":30694,"comment_status":"closed","ping_status":"open","sticky":false,"template":"","format":"standard","meta":{"_lmt_disableupdate":"","_lmt_disable":"","_jetpack_memberships_contains_paid_content":false,"footnotes":""},"categories":[109,51],"tags":[],"class_list":["post-30693","post","type-post","status-publish","format-standard","has-post-thumbnail","hentry","category-minuto-a-minuto","category-zona-roja"],"jetpack_featured_media_url":"https:\/\/zonaroja.com.mx\/wp-content\/uploads\/2021\/08\/Asesinado-Niltepec.jpg","jetpack_sharing_enabled":true,"_links":{"self":[{"href":"https:\/\/zonaroja.com.mx\/index.php?rest_route=\/wp\/v2\/posts\/30693","targetHints":{"allow":["GET"]}}],"collection":[{"href":"https:\/\/zonaroja.com.mx\/index.php?rest_route=\/wp\/v2\/posts"}],"about":[{"href":"https:\/\/zonaroja.com.mx\/index.php?rest_route=\/wp\/v2\/types\/post"}],"author":[{"embeddable":true,"href":"https:\/\/zonaroja.com.mx\/index.php?rest_route=\/wp\/v2\/users\/2"}],"replies":[{"embeddable":true,"href":"https:\/\/zonaroja.com.mx\/index.php?rest_route=%2Fwp%2Fv2%2Fcomments&post=30693"}],"version-history":[{"count":1,"href":"https:\/\/zonaroja.com.mx\/index.php?rest_route=\/wp\/v2\/posts\/30693\/revisions"}],"predecessor-version":[{"id":30695,"href":"https:\/\/zonaroja.com.mx\/index.php?rest_route=\/wp\/v2\/posts\/30693\/revisions\/30695"}],"wp:featuredmedia":[{"embeddable":true,"href":"https:\/\/zonaroja.com.mx\/index.php?rest_route=\/wp\/v2\/media\/30694"}],"wp:attachment":[{"href":"https:\/\/zonaroja.com.mx\/index.php?rest_route=%2Fwp%2Fv2%2Fmedia&parent=30693"}],"wp:term":[{"taxonomy":"category","embeddable":true,"href":"https:\/\/zonaroja.com.mx\/index.php?rest_route=%2Fwp%2Fv2%2Fcategories&post=30693"},{"taxonomy":"post_tag","embeddable":true,"href":"https:\/\/zonaroja.com.mx\/index.php?rest_route=%2Fwp%2Fv2%2Ftags&post=30693"}],"curies":[{"name":"wp","href":"https:\/\/api.w.org\/{rel}","templated":true}]}}