{"id":30699,"date":"2021-08-09T09:05:14","date_gmt":"2021-08-09T14:05:14","guid":{"rendered":"http:\/\/www.zonaroja.com.mx\/?p=30699"},"modified":"2021-08-09T09:05:17","modified_gmt":"2021-08-09T14:05:17","slug":"recaban-firmas-para-evitar-ecocidio-en-obra-en-oaxaca","status":"publish","type":"post","link":"https:\/\/zonaroja.com.mx\/?p=30699","title":{"rendered":"Recaban firmas para evitar ecocidio en obra en Oaxaca&nbsp;"},"content":{"rendered":"\n<p>Evlin Arag\u00f3n\/Zona Roja.<\/p>\n\n\n\n<p>Oaxaca de Ju\u00e1rez, Oax., 9 de agosto de 2021.- A fin de evitar el ecocidio anunciado por el gobierno de Oaxaca, como parte de la obra de ampliaci\u00f3n de la avenida S\u00edmbolos Patrios, ubicada en la zona conurbada, grupos ambientalistas se han dado a la tarea de recabar firmas para impedir que se concrete el irreversible da\u00f1o ambiental.&nbsp;<\/p>\n\n\n\n<p>La campa\u00f1a la han iniciado en l\u00ednea, a trav\u00e9s de la plataforma www.avaaz.org, en donde hacen de conocimiento de los hechos a la Comisi\u00f3n Nacional Forestal y a la Procuradur\u00eda Federal de Protecci\u00f3n al Ambiente, adem\u00e1s que piden su inmediata intervenci\u00f3n.&nbsp;<\/p>\n\n\n\n<p>\u201cEl gobierno del estado de Oaxaca pretende, talar m\u00e1s de 500 \u00e1rboles que tienen aproximadamente 70 a\u00f1os de edad para hacer ocho carriles in\u00fatiles en una de muchas avenidas y calles llenas de baches\u201d, manifiesta la solicitud de firmas que inici\u00f3 el pasado tres de agosto.<\/p>\n\n\n\n<p>As\u00ed mismo, el grupo promovente refiere que, los \u00e1rboles que pretende derribar el gobierno de Oaxaca, son grandes ejemplares que en conjunto conforman una de las pocas \u00e1reas verdes en la capital del estado, de ah\u00ed la defensa por parte de las y los ambientalistas.&nbsp;<\/p>\n\n\n\n<p>\u201cEsos \u00e1rboles son unos grandes ejemplares, en el mundo ya no tenemos \u00e1reas verdes y mucho menos en la ya mal llamada Verde Antequera, si matan esos \u00e1rboles abra menos \u00e1reas verdes menos agua. No lo permitamos por nosotros, por nuestros hijos y nietos\u201d, cita la petici\u00f3n que lleva cerca de cuatro mil adhesiones hasta el momento.&nbsp;<\/p>\n\n\n\n<p>De acuerdo con el diagn\u00f3stico del arbolado urbano del proyecto \u201cAmpliaci\u00f3n y modernizaci\u00f3n de la Av. S\u00edmbolos Patrios\u201d existe un total de mil 386 especies flor\u00edsticas en los cuatro municipios que abarca el proyecto: Oaxaca de Ju\u00e1rez, Santa Cruz Xoxocotl\u00e1n, San Antonio de la Cal y San Agust\u00edn de las Juntas.&nbsp;&nbsp;<\/p>\n\n\n\n<p>De los cuales s\u00f3lo 702 ser\u00e1n trasplantados y 684 ser\u00e1n derribados en su totalidad, vi\u00e9ndose mayormente afectada la demarcaci\u00f3n de San Antonio de la Cal con 323 \u00e1rboles que ser\u00e1n arrancados de tajo.&nbsp;&nbsp;<\/p>\n\n\n\n<p>Lo anterior confirma las declaraciones vertidas por grupos ambientalistas que han solicitado, sin \u00e9xito hasta el momento, una obra incluyente y sustentable con la flora y fauna, as\u00ed como han pedido evitar un ecocidio m\u00e1s en la ciudad de Oaxaca.&nbsp;<\/p>\n\n\n\n<p>\u201cSe\u00f1or gobernador: solicitamos que el Proyecto de la Ampliaci\u00f3n a ocho carriles de la Avenida S\u00edmbolos Patrios sea incluyente y sustentable con la flora, fauna y ciudadan\u00eda. No a un ecocidio m\u00e1s\u201d, han manifestado en sus protestas.&nbsp;<\/p>\n","protected":false},"excerpt":{"rendered":"<p>Evlin Arag\u00f3n\/Zona Roja. Oaxaca de Ju\u00e1rez, Oax., 9 de agosto de 2021.- A fin de&hellip;<\/p>\n","protected":false},"author":2,"featured_media":30700,"comment_status":"closed","ping_status":"open","sticky":false,"template":"","format":"standard","meta":{"_lmt_disableupdate":"","_lmt_disable":"","_jetpack_memberships_contains_paid_content":false,"footnotes":""},"categories":[109,47],"tags":[2841],"class_list":["post-30699","post","type-post","status-publish","format-standard","has-post-thumbnail","hentry","category-minuto-a-minuto","category-zona-gris","tag-obras-avenida-simbolos-patrios-oaxaca"],"jetpack_featured_media_url":"https:\/\/zonaroja.com.mx\/wp-content\/uploads\/2021\/08\/Obras-avenida-Simbolos-Patrios-1.jpg","jetpack_sharing_enabled":true,"_links":{"self":[{"href":"https:\/\/zonaroja.com.mx\/index.php?rest_route=\/wp\/v2\/posts\/30699","targetHints":{"allow":["GET"]}}],"collection":[{"href":"https:\/\/zonaroja.com.mx\/index.php?rest_route=\/wp\/v2\/posts"}],"about":[{"href":"https:\/\/zonaroja.com.mx\/index.php?rest_route=\/wp\/v2\/types\/post"}],"author":[{"embeddable":true,"href":"https:\/\/zonaroja.com.mx\/index.php?rest_route=\/wp\/v2\/users\/2"}],"replies":[{"embeddable":true,"href":"https:\/\/zonaroja.com.mx\/index.php?rest_route=%2Fwp%2Fv2%2Fcomments&post=30699"}],"version-history":[{"count":1,"href":"https:\/\/zonaroja.com.mx\/index.php?rest_route=\/wp\/v2\/posts\/30699\/revisions"}],"predecessor-version":[{"id":30701,"href":"https:\/\/zonaroja.com.mx\/index.php?rest_route=\/wp\/v2\/posts\/30699\/revisions\/30701"}],"wp:featuredmedia":[{"embeddable":true,"href":"https:\/\/zonaroja.com.mx\/index.php?rest_route=\/wp\/v2\/media\/30700"}],"wp:attachment":[{"href":"https:\/\/zonaroja.com.mx\/index.php?rest_route=%2Fwp%2Fv2%2Fmedia&parent=30699"}],"wp:term":[{"taxonomy":"category","embeddable":true,"href":"https:\/\/zonaroja.com.mx\/index.php?rest_route=%2Fwp%2Fv2%2Fcategories&post=30699"},{"taxonomy":"post_tag","embeddable":true,"href":"https:\/\/zonaroja.com.mx\/index.php?rest_route=%2Fwp%2Fv2%2Ftags&post=30699"}],"curies":[{"name":"wp","href":"https:\/\/api.w.org\/{rel}","templated":true}]}}