{"id":3070,"date":"2019-08-14T07:06:59","date_gmt":"2019-08-14T12:06:59","guid":{"rendered":"http:\/\/www.zonaroja.com.mx\/?p=3070"},"modified":"2019-08-14T07:07:04","modified_gmt":"2019-08-14T12:07:04","slug":"alarman-feminicidios-en-oaxaca-reportan-333-casos-en-sexenio-de-murat","status":"publish","type":"post","link":"https:\/\/zonaroja.com.mx\/?p=3070","title":{"rendered":"Alarman feminicidios en Oaxaca; reportan 333 casos en sexenio de Murat"},"content":{"rendered":"\n<p>Evlin\nArag\u00f3n\/Zona Roja<\/p>\n\n\n\n<p>Oaxaca de\nJu\u00e1rez, Oax., 14 de agosto de 2019.- <\/p>\n\n\n\n<p>La\norganizaci\u00f3n Consorcio Oaxaca denunci\u00f3 que la cifra de feminicidios subi\u00f3 a 333\ncasos en lo que va de la administraci\u00f3n de Alejandro Murat Hinojosa, ello de\nacuerdo con la plataforma digital que mantienen para registrar las muertes\nviolentas de mujeres en la entidad oaxaque\u00f1a.<\/p>\n\n\n\n<p>Seg\u00fan los\ndatos, 87 de estos casos se han registrado en lo que va del a\u00f1o, cuatro en este\nmes de agosto, siendo Huajuapan de Le\u00f3n, Santa Cruz Huatulco, San Antonio de\nlas Mesas y Juchit\u00e1n de Zaragoza, las localidades donde se han registrado los\ncasos m\u00e1s recientes.<\/p>\n\n\n\n<p>Se trata de\nCristina H.G. de 26 a\u00f1os quien fue asesinada por su hermano con un disparo en\nla cabeza; Nona M.C. de 62 a\u00f1os de edad que fue hallada con cortadas en el\ncuello al interior de los ba\u00f1os de una tienda comercial; Silvina G.B. de 78\na\u00f1os de edad, cuyo cad\u00e1ver fue encontrado al fondo de un barranco luego de\nestar desaparecida; y Janeth L.S. de 32 a\u00f1os quien fue ejecutada en la calle a\nplena luz del d\u00eda.<\/p>\n\n\n\n<p>Consorcio\nOaxaca conden\u00f3 cada uno de los feminicidios registrados en los \u00faltimos tres\na\u00f1os, cifra alarmante y que se podr\u00eda traducir en m\u00e1s de 100 asesinatos\nviolentos de mujeres por a\u00f1o, que no ha podido reducirse pese a la declaratoria\nde Alerta de Violencia de G\u00e9nero en 40 municipios de la entidad oaxaque\u00f1a.<\/p>\n\n\n\n<p>En este\nsentido, demando a la Fiscal\u00eda General del Estado que todas las muertes\nviolentas de mujeres inicien sus investigaciones como feminicidio; se apliquen\nlos protocolos en la materia y las investigaciones sean realizadas con la\ndebida diligencia, perspectiva de g\u00e9nero, derechos humanos e interculturalidad.<\/p>\n\n\n\n<p>Exigencia\nque no es nueva y que han mantenido otras organizaciones de la sociedad civil\ndesde hace m\u00e1s de una d\u00e9cada, ante las constantes omisiones por parte de las\nautoridades estatales en materia de seguridad y procuraci\u00f3n de justicia.<\/p>\n\n\n\n<p>La defensora\nfeminista, Yesica S\u00e1nchez Maya, alert\u00f3 sobre la gravedad de la problem\u00e1tica ya\nque \u00fanicamente en la regi\u00f3n Mixteca, en lo que va de este sexenio se tienen\ncontabilizados 39 feminicidios, 49 mujeres desaparecidas, cinco casos de\nviolencia pol\u00edtica, siete suicidios, 112 casos de violencia familiar y 41\ndelitos sexuales de los cuales, en su gran mayor\u00eda han quedado impunes.<\/p>\n","protected":false},"excerpt":{"rendered":"<p>Evlin Arag\u00f3n\/Zona Roja Oaxaca de Ju\u00e1rez, Oax., 14 de agosto de 2019.- La organizaci\u00f3n Consorcio&hellip;<\/p>\n","protected":false},"author":2,"featured_media":3071,"comment_status":"closed","ping_status":"open","sticky":false,"template":"","format":"standard","meta":{"_lmt_disableupdate":"","_lmt_disable":"","_jetpack_memberships_contains_paid_content":false,"footnotes":""},"categories":[109,51],"tags":[548,97],"class_list":["post-3070","post","type-post","status-publish","format-standard","has-post-thumbnail","hentry","category-minuto-a-minuto","category-zona-roja","tag-consorcio-oaxaca","tag-feminicidios"],"jetpack_featured_media_url":"https:\/\/zonaroja.com.mx\/wp-content\/uploads\/2019\/08\/Femincidio-1.jpg","jetpack_sharing_enabled":true,"_links":{"self":[{"href":"https:\/\/zonaroja.com.mx\/index.php?rest_route=\/wp\/v2\/posts\/3070","targetHints":{"allow":["GET"]}}],"collection":[{"href":"https:\/\/zonaroja.com.mx\/index.php?rest_route=\/wp\/v2\/posts"}],"about":[{"href":"https:\/\/zonaroja.com.mx\/index.php?rest_route=\/wp\/v2\/types\/post"}],"author":[{"embeddable":true,"href":"https:\/\/zonaroja.com.mx\/index.php?rest_route=\/wp\/v2\/users\/2"}],"replies":[{"embeddable":true,"href":"https:\/\/zonaroja.com.mx\/index.php?rest_route=%2Fwp%2Fv2%2Fcomments&post=3070"}],"version-history":[{"count":1,"href":"https:\/\/zonaroja.com.mx\/index.php?rest_route=\/wp\/v2\/posts\/3070\/revisions"}],"predecessor-version":[{"id":3072,"href":"https:\/\/zonaroja.com.mx\/index.php?rest_route=\/wp\/v2\/posts\/3070\/revisions\/3072"}],"wp:featuredmedia":[{"embeddable":true,"href":"https:\/\/zonaroja.com.mx\/index.php?rest_route=\/wp\/v2\/media\/3071"}],"wp:attachment":[{"href":"https:\/\/zonaroja.com.mx\/index.php?rest_route=%2Fwp%2Fv2%2Fmedia&parent=3070"}],"wp:term":[{"taxonomy":"category","embeddable":true,"href":"https:\/\/zonaroja.com.mx\/index.php?rest_route=%2Fwp%2Fv2%2Fcategories&post=3070"},{"taxonomy":"post_tag","embeddable":true,"href":"https:\/\/zonaroja.com.mx\/index.php?rest_route=%2Fwp%2Fv2%2Ftags&post=3070"}],"curies":[{"name":"wp","href":"https:\/\/api.w.org\/{rel}","templated":true}]}}