{"id":30702,"date":"2021-08-09T09:19:09","date_gmt":"2021-08-09T14:19:09","guid":{"rendered":"http:\/\/www.zonaroja.com.mx\/?p=30702"},"modified":"2021-08-09T09:19:12","modified_gmt":"2021-08-09T14:19:12","slug":"aumento-9-4-numero-de-hospitalizados-por-covid-en-oaxaca","status":"publish","type":"post","link":"https:\/\/zonaroja.com.mx\/?p=30702","title":{"rendered":"Aument\u00f3 9.4% n\u00famero de hospitalizados por Covid en Oaxaca"},"content":{"rendered":"\n<p>Redacci\u00f3n\/Zona Roja.<\/p>\n\n\n\n<p>Oaxaca de Ju\u00e1rez, Oax., 9 de agosto de 2021.- El estado de Oaxaca inici\u00f3 este lunes dos semanas m\u00e1s en sem\u00e1foro epidemiol\u00f3gico en color naranja, debido al incremento de casos de Covid-19, aunque varios municipios, principalmente en las regiones Costa e Istmo, aplican el sem\u00e1foro rojo.<\/p>\n\n\n\n<p>En tanto, de acuerdo con los Servicios de Salud de Oaxaca (SSO), el promedio de ocupaci\u00f3n hospitalaria rebas\u00f3 en dos ocasiones el 70 por ciento.<\/p>\n\n\n\n<p>Durante la semana del 1 al 7 de agosto, la entidad registr\u00f3 un acumulado de 57 mil 649 casos confirmados de Covid-19, observando una ligera disminuci\u00f3n de 97 notificaciones esta semana con respecto a la anterior. Adem\u00e1s, durante la semana anterior, se registraron 70 defunciones.<\/p>\n\n\n\n<p>Aunado a ello, la red hospitalaria para la atenci\u00f3n de pacientes con esta enfermedad respiratoria, present\u00f3 un aumento del 9.4 % en el n\u00famero de hospitalizados en comparaci\u00f3n con la semana pasada.<\/p>\n\n\n\n<p>En un comunicado, la dependencia puntualiz\u00f3 que para desacelerar el incremento de la pandemia que se ha agudizado con extrema rudeza en esta tercera ola en el territorio estatal, es necesario la participaci\u00f3n responsable, y decidida de toda la poblaci\u00f3n.<\/p>\n\n\n\n<p>Advirti\u00f3 que, de seguir este ritmo de crecimiento, los hospitales se ver\u00e1n seriamente comprometidos para la atenci\u00f3n de pacientes con esta patolog\u00eda y otras enfermedades o emergencias, que tambi\u00e9n ameritan especial atenci\u00f3n, porque no habr\u00e1 disponibilidad de camas.<\/p>\n\n\n\n<p>OCUPADOS Y PREOCUPADOS<\/p>\n\n\n\n<p>Por su parte, el gobernador Alejandro Murat Hinojosa, acept\u00f3 que Oaxaca &nbsp;vive una intensa ola de la pandemia, lo cual mantiene al Estado ocupado y preocupado.<\/p>\n\n\n\n<p>\u201cComo es de su conocimiento, en las \u00faltimas semanas hemos enfrentado la tercera ola de contagios, as\u00ed como incrementado el n\u00famero de casos de ocupaci\u00f3n hospitalaria\u201d, dijo anoche a trav\u00e9s de un mensaje de video.<\/p>\n\n\n\n<p>\u201cEl objetivo central de mi gobierno siempre ha sido cuidar de las familias, desde el inicio de esta crisis sanitaria hemos logrado a trav\u00e9s de diferentes acciones, mantener siempre un equilibrio entre la salud y la econom\u00eda de nuestro estado\u201d, asegur\u00f3.<\/p>\n\n\n\n<p>Por lo que reiter\u00f3 las medidas de mitigaci\u00f3n que se han implementado, principalmente la aplicaci\u00f3n de las vacunas, en coordinaci\u00f3n con el gobierno federal, adem\u00e1s del uso del cubreboca, la sana distancia y el uso de gel antibacterial, entre otros.<\/p>\n","protected":false},"excerpt":{"rendered":"<p>Redacci\u00f3n\/Zona Roja. Oaxaca de Ju\u00e1rez, Oax., 9 de agosto de 2021.- El estado de Oaxaca&hellip;<\/p>\n","protected":false},"author":2,"featured_media":30208,"comment_status":"closed","ping_status":"open","sticky":false,"template":"","format":"standard","meta":{"_lmt_disableupdate":"","_lmt_disable":"","_jetpack_memberships_contains_paid_content":false,"footnotes":""},"categories":[109,47],"tags":[1512],"class_list":["post-30702","post","type-post","status-publish","format-standard","has-post-thumbnail","hentry","category-minuto-a-minuto","category-zona-gris","tag-coronavirus-oaxaca"],"jetpack_featured_media_url":"https:\/\/zonaroja.com.mx\/wp-content\/uploads\/2021\/07\/Pruebas-Covid-red-Osmo.jpg","jetpack_sharing_enabled":true,"_links":{"self":[{"href":"https:\/\/zonaroja.com.mx\/index.php?rest_route=\/wp\/v2\/posts\/30702","targetHints":{"allow":["GET"]}}],"collection":[{"href":"https:\/\/zonaroja.com.mx\/index.php?rest_route=\/wp\/v2\/posts"}],"about":[{"href":"https:\/\/zonaroja.com.mx\/index.php?rest_route=\/wp\/v2\/types\/post"}],"author":[{"embeddable":true,"href":"https:\/\/zonaroja.com.mx\/index.php?rest_route=\/wp\/v2\/users\/2"}],"replies":[{"embeddable":true,"href":"https:\/\/zonaroja.com.mx\/index.php?rest_route=%2Fwp%2Fv2%2Fcomments&post=30702"}],"version-history":[{"count":1,"href":"https:\/\/zonaroja.com.mx\/index.php?rest_route=\/wp\/v2\/posts\/30702\/revisions"}],"predecessor-version":[{"id":30703,"href":"https:\/\/zonaroja.com.mx\/index.php?rest_route=\/wp\/v2\/posts\/30702\/revisions\/30703"}],"wp:featuredmedia":[{"embeddable":true,"href":"https:\/\/zonaroja.com.mx\/index.php?rest_route=\/wp\/v2\/media\/30208"}],"wp:attachment":[{"href":"https:\/\/zonaroja.com.mx\/index.php?rest_route=%2Fwp%2Fv2%2Fmedia&parent=30702"}],"wp:term":[{"taxonomy":"category","embeddable":true,"href":"https:\/\/zonaroja.com.mx\/index.php?rest_route=%2Fwp%2Fv2%2Fcategories&post=30702"},{"taxonomy":"post_tag","embeddable":true,"href":"https:\/\/zonaroja.com.mx\/index.php?rest_route=%2Fwp%2Fv2%2Ftags&post=30702"}],"curies":[{"name":"wp","href":"https:\/\/api.w.org\/{rel}","templated":true}]}}