{"id":30704,"date":"2021-08-09T15:53:06","date_gmt":"2021-08-09T20:53:06","guid":{"rendered":"https:\/\/www.zonaroja.com.mx\/?p=30704"},"modified":"2021-08-09T15:56:40","modified_gmt":"2021-08-09T20:56:40","slug":"intimidan-a-maria-elena-rios-acusa-a-profugo-de-la-justicia-de-los-hechos","status":"publish","type":"post","link":"https:\/\/zonaroja.com.mx\/?p=30704","title":{"rendered":"Intimidan a Mar\u00eda Elena R\u00edos, acusa a pr\u00f3fugo de la justicia de los hechos"},"content":{"rendered":"\n<p class=\"MsoNormal\">Evlin Arag\u00f3n\/Zona Roja.&nbsp;<\/p>\n\n\n\n<p class=\"MsoNormal\">Oaxaca de Ju\u00e1rez, Oax.. 9 de agosto de 2021.- Lejos de ser aprehendido por las autoridades estatales, este fin de semana Juan Antonio Vera Hern\u00e1ndez mand\u00f3 intimidar a la saxofonista Mar\u00eda Elena R\u00edos Ortiz, quien lo acusa como el quinto implicado en el ataque con \u00e1cido del que fue v\u00edctima en septiembre de 2019.&nbsp;&nbsp;<\/p>\n\n\n\n<p class=\"MsoNormal\">As\u00ed lo denunci\u00f3 la joven a trav\u00e9s de sus redes sociales, en donde responsabiliz\u00f3 al hoy pr\u00f3fugo de la justicia de lo que pueda pasarle a ella y su familia, adem\u00e1s al titular de la Fiscal\u00eda de Oaxaca, Arturo Peimbert Calvo, por su poca disposici\u00f3n de capturarlo.&nbsp;&nbsp;<\/p>\n\n\n\n<p class=\"MsoNormal\">\u201cHoy, este #feminicida me mand\u00f3 a intimidar, mi agresor se siente con el derecho de hacerlo a trav\u00e9s de otras personas. Si a m\u00ed y mi familia nos pasa algo, lo hago responsable, junto con toda su familia y tambi\u00e9n a usted @PeimbertArturo por su poca disposici\u00f3n para aprehenderlo\u201d, cit\u00f3 en sus redes sociales, al calce de la ficha de b\u00fasqueda de Juan Antonio Vera.&nbsp;<\/p>\n\n\n\n<p class=\"MsoNormal\">Mar\u00eda Elena asegur\u00f3 que fue este personaje quien intent\u00f3 matarla y a\u00fan sigue intimid\u00e1ndola, sin embargo, refiri\u00f3 que nada impedir\u00e1 que mantenga su exigencia de justicia y castigo a los responsables del ataque que le dejo da\u00f1os de por vida.&nbsp;<\/p>\n\n\n\n<p class=\"MsoNormal\">\u201cIntent\u00f3 matarme, logr\u00e9 sobrevivir y me sigue intimidando de much\u00edsimas formas, pero yo nunca dejar\u00e9 de pedir justicia, solo as\u00ed me asegurar\u00e9 que lo que me hizo, no se lo haga a nadie m\u00e1s. Todxs sus encubridorxs tambi\u00e9n son c\u00f3mplices\u201d, sentenci\u00f3&nbsp;<\/p>\n\n\n\n<p class=\"MsoNormal\">Y a\u00fan con todo en contra y las secuelas f\u00edsicas que el ataque con \u00e1cido le ha dejado de manera permanente, la joven oaxaque\u00f1a asegura que su familia y la gente que la sigue y se suma a su lucha la alientan de manera constante para seguir adelante, por lo que se mostr\u00f3 agradecida.&nbsp;&nbsp;<\/p>\n\n\n\n<p class=\"MsoNormal\">\u201cMe han lastimado de todas las maneras posibles, he llorado incontables veces, pero con el amor y apoyo de mi familia y ustedes, he aprendido poco a poco a hacer de toda esta mierda abono para comenzar a florecer\u201d, manifest\u00f3.&nbsp;&nbsp;<\/p>\n\n\n\n<p class=\"MsoNormal\">El ataque de Mar\u00eda Elena est\u00e1 a punto de cumplir dos a\u00f1os, tiempo en el que no han recibido sentencia&nbsp;las tres&nbsp;personas al interior del penal se\u00f1aladas como autores intelectuales y materiales; adem\u00e1s que est\u00e1 pendiente la captura del quinto implicado en la agresi\u00f3n.&nbsp;&nbsp;<\/p>\n\n\n\n<p class=\"MsoNormal\">La ficha de b\u00fasqueda y localizaci\u00f3n para dar con el paradero de Juan Antonio Vera Hern\u00e1ndez, emitida por la Fiscal\u00eda General del Estado de Oaxaca desde el 28 de junio y que incluye una recompensa de hasta un mill\u00f3n de pesos, a\u00fan no da resultados y por el contrario la joven saxofonista asegura que sigue siendo intimidada por el sujeto a quien responsabiliza de cualquier da\u00f1o pr\u00f3ximo.  <\/p>\n","protected":false},"excerpt":{"rendered":"<p>Evlin Arag\u00f3n\/Zona Roja.&nbsp; Oaxaca de Ju\u00e1rez, Oax.. 9 de agosto de 2021.- Lejos de ser&hellip;<\/p>\n","protected":false},"author":2,"featured_media":29139,"comment_status":"closed","ping_status":"open","sticky":false,"template":"","format":"standard","meta":{"_lmt_disableupdate":"","_lmt_disable":"","_jetpack_memberships_contains_paid_content":false,"footnotes":""},"categories":[109,47],"tags":[1124],"class_list":["post-30704","post","type-post","status-publish","format-standard","has-post-thumbnail","hentry","category-minuto-a-minuto","category-zona-gris","tag-maria-elena-rios-ortiz"],"jetpack_featured_media_url":"https:\/\/zonaroja.com.mx\/wp-content\/uploads\/2021\/06\/Maria-Elena-Rios-O-1.jpg","jetpack_sharing_enabled":true,"_links":{"self":[{"href":"https:\/\/zonaroja.com.mx\/index.php?rest_route=\/wp\/v2\/posts\/30704","targetHints":{"allow":["GET"]}}],"collection":[{"href":"https:\/\/zonaroja.com.mx\/index.php?rest_route=\/wp\/v2\/posts"}],"about":[{"href":"https:\/\/zonaroja.com.mx\/index.php?rest_route=\/wp\/v2\/types\/post"}],"author":[{"embeddable":true,"href":"https:\/\/zonaroja.com.mx\/index.php?rest_route=\/wp\/v2\/users\/2"}],"replies":[{"embeddable":true,"href":"https:\/\/zonaroja.com.mx\/index.php?rest_route=%2Fwp%2Fv2%2Fcomments&post=30704"}],"version-history":[{"count":1,"href":"https:\/\/zonaroja.com.mx\/index.php?rest_route=\/wp\/v2\/posts\/30704\/revisions"}],"predecessor-version":[{"id":30705,"href":"https:\/\/zonaroja.com.mx\/index.php?rest_route=\/wp\/v2\/posts\/30704\/revisions\/30705"}],"wp:featuredmedia":[{"embeddable":true,"href":"https:\/\/zonaroja.com.mx\/index.php?rest_route=\/wp\/v2\/media\/29139"}],"wp:attachment":[{"href":"https:\/\/zonaroja.com.mx\/index.php?rest_route=%2Fwp%2Fv2%2Fmedia&parent=30704"}],"wp:term":[{"taxonomy":"category","embeddable":true,"href":"https:\/\/zonaroja.com.mx\/index.php?rest_route=%2Fwp%2Fv2%2Fcategories&post=30704"},{"taxonomy":"post_tag","embeddable":true,"href":"https:\/\/zonaroja.com.mx\/index.php?rest_route=%2Fwp%2Fv2%2Ftags&post=30704"}],"curies":[{"name":"wp","href":"https:\/\/api.w.org\/{rel}","templated":true}]}}