{"id":30709,"date":"2021-08-09T18:29:53","date_gmt":"2021-08-09T23:29:53","guid":{"rendered":"http:\/\/www.zonaroja.com.mx\/?p=30709"},"modified":"2021-08-09T18:34:03","modified_gmt":"2021-08-09T23:34:03","slug":"inedito-le-dan-casi-dos-siglos-de-prision-a-profesor-de-oaxaca-que-violo-a-menores","status":"publish","type":"post","link":"https:\/\/zonaroja.com.mx\/?p=30709","title":{"rendered":"In\u00e9dito: le dan casi dos siglos de prisi\u00f3n a profesor de Oaxaca que viol\u00f3 a menores"},"content":{"rendered":"\n<p>Redacci\u00f3n\/Zona Roja.<\/p>\n\n\n\n<p>Oaxaca de Ju\u00e1rez, Oax., 9 de agosto de 2021.- Un profesor de Oaxaca que viol\u00f3 a tres ni\u00f1as y cometi\u00f3 pornograf\u00eda infantil  en agravio de seis menores, fue sentenciado a casi 200 a\u00f1os de prisi\u00f3n.<\/p>\n\n\n\n<p>La Fiscal\u00eda General del Estado de Oaxaca (FGEO) inform\u00f3 que obtuvo el fallo del Tribunal de Enjuiciamiento, en contra del agresor sexual, identificado con las iniciales J. E. R. O., por delitos cometidos en los a\u00f1os 2015 y 2016 en una comunidad de la regi\u00f3n Ca\u00f1ada.<\/p>\n\n\n\n<p>De acuerdo con las causas penales 3\/2016 y 2\/2017, en distintas fechas de los a\u00f1os referidos, la persona sentenciada agredi\u00f3 de forma sexual a las v\u00edctimas, aprovechando su condici\u00f3n de profesor de las mismas, hechos que ocurrieron en inmediaciones de la poblaci\u00f3n de El Palmar, perteneciente al municipio de Santa Mar\u00eda Tlalixtac.<\/p>\n\n\n\n<p>Ante estos hechos, la instituci\u00f3n de procuraci\u00f3n de justicia inici\u00f3 una exhaustiva y diligente investigaci\u00f3n, logrando identificar, aprehender y presentar al responsable ante la autoridad judicial, quien sentenci\u00f3 al acusado por haber acreditado su plena responsabilidad en los hechos que se le imputaron.<\/p>\n\n\n\n<p>En un comunicado, detall\u00f3 que en audiencia, el Tribunal de Enjuiciamiento emiti\u00f3 una sentencia condenatoria contra J. E. R. O. de 198 a\u00f1os de prisi\u00f3n, adem\u00e1s que impuso el pago de una multa por m\u00e1s de un mill\u00f3n de pesos.<\/p>\n\n\n\n<p>\u201cA trav\u00e9s de estas acciones, la Fiscal\u00eda General garantiza justicia a mujeres, ni\u00f1as, ni\u00f1os y adolescentes v\u00edctimas, aplicando todo el rigor de la Ley a quienes atenten en su contra\u201d, expuso.<\/p>\n","protected":false},"excerpt":{"rendered":"<p>Redacci\u00f3n\/Zona Roja. Oaxaca de Ju\u00e1rez, Oax., 9 de agosto de 2021.- Un profesor de Oaxaca&hellip;<\/p>\n","protected":false},"author":2,"featured_media":11270,"comment_status":"closed","ping_status":"open","sticky":false,"template":"","format":"standard","meta":{"_lmt_disableupdate":"","_lmt_disable":"","_jetpack_memberships_contains_paid_content":false,"footnotes":""},"categories":[109,47],"tags":[494],"class_list":["post-30709","post","type-post","status-publish","format-standard","has-post-thumbnail","hentry","category-minuto-a-minuto","category-zona-gris","tag-fiscalia-general-del-estado-de-oaxaca"],"jetpack_featured_media_url":"https:\/\/zonaroja.com.mx\/wp-content\/uploads\/2020\/04\/carcel-prision.jpg","jetpack_sharing_enabled":true,"_links":{"self":[{"href":"https:\/\/zonaroja.com.mx\/index.php?rest_route=\/wp\/v2\/posts\/30709","targetHints":{"allow":["GET"]}}],"collection":[{"href":"https:\/\/zonaroja.com.mx\/index.php?rest_route=\/wp\/v2\/posts"}],"about":[{"href":"https:\/\/zonaroja.com.mx\/index.php?rest_route=\/wp\/v2\/types\/post"}],"author":[{"embeddable":true,"href":"https:\/\/zonaroja.com.mx\/index.php?rest_route=\/wp\/v2\/users\/2"}],"replies":[{"embeddable":true,"href":"https:\/\/zonaroja.com.mx\/index.php?rest_route=%2Fwp%2Fv2%2Fcomments&post=30709"}],"version-history":[{"count":2,"href":"https:\/\/zonaroja.com.mx\/index.php?rest_route=\/wp\/v2\/posts\/30709\/revisions"}],"predecessor-version":[{"id":30711,"href":"https:\/\/zonaroja.com.mx\/index.php?rest_route=\/wp\/v2\/posts\/30709\/revisions\/30711"}],"wp:featuredmedia":[{"embeddable":true,"href":"https:\/\/zonaroja.com.mx\/index.php?rest_route=\/wp\/v2\/media\/11270"}],"wp:attachment":[{"href":"https:\/\/zonaroja.com.mx\/index.php?rest_route=%2Fwp%2Fv2%2Fmedia&parent=30709"}],"wp:term":[{"taxonomy":"category","embeddable":true,"href":"https:\/\/zonaroja.com.mx\/index.php?rest_route=%2Fwp%2Fv2%2Fcategories&post=30709"},{"taxonomy":"post_tag","embeddable":true,"href":"https:\/\/zonaroja.com.mx\/index.php?rest_route=%2Fwp%2Fv2%2Ftags&post=30709"}],"curies":[{"name":"wp","href":"https:\/\/api.w.org\/{rel}","templated":true}]}}