{"id":30715,"date":"2021-08-09T20:17:24","date_gmt":"2021-08-10T01:17:24","guid":{"rendered":"http:\/\/www.zonaroja.com.mx\/?p=30715"},"modified":"2021-08-09T20:17:29","modified_gmt":"2021-08-10T01:17:29","slug":"tras-amenazas-a-periodista-se-unen-medios-informativos-para-exigir","status":"publish","type":"post","link":"https:\/\/zonaroja.com.mx\/?p=30715","title":{"rendered":"Tras amenazas a periodista, se unen medios informativos para exigir"},"content":{"rendered":"\n<p>Redacci\u00f3n\/Zona Roja Cdmx.<\/p>\n\n\n\n<p>Ciudad de M\u00e9xico, 9 de agosto de 2021.- Medios informativos de la capital del pa\u00eds se solidarizaron con la periodista Azucena Uresti por las amenazas recibidas de un grupo del crimen organizado y exigieron al gobierno federal garant\u00edas para la labor informativa y pleno respeto al Estado de Derecho.<\/p>\n\n\n\n<p>A trav\u00e9s de un desplegado que firmaron \u201cMilenio\u201d, \u201cProceso\u201d, \u201cEl Universal\u201d, Grupo Imagen que edita \u201cExcelsior\u201d, \u201cEl Heraldo\u201d, Tv Azteca y Televisa, entre otros, calificaron como inaceptable la amenaza directa por parte presuntamente del C\u00e1rtel Jalisco Nueva Generaci\u00f3n (CJNG).<\/p>\n\n\n\n<p>En un video que circul\u00f3 en redes sociales este lunes, aparece un grupo de hombres armados y encapuchados, quienes a nombre de Rub\u00e9n Oceguera, alias \u00abEl Mencho\u00bb, exigen que los medios sean parejos en la informaci\u00f3n presentada sobre la violencia en Michoac\u00e1n.<\/p>\n\n\n\n<p>Este es el desplegado de solidaridad a favor de la periodista:<\/p>\n\n\n\n<figure class=\"wp-block-image size-large\"><img decoding=\"async\" width=\"769\" height=\"1024\" src=\"http:\/\/www.zonaroja.com.mx\/wp-content\/uploads\/2021\/08\/Desplegado-medios-Azucena-Uresti-769x1024.jpg\" alt=\"\" class=\"wp-image-30717\" srcset=\"https:\/\/zonaroja.com.mx\/wp-content\/uploads\/2021\/08\/Desplegado-medios-Azucena-Uresti-769x1024.jpg 769w, https:\/\/zonaroja.com.mx\/wp-content\/uploads\/2021\/08\/Desplegado-medios-Azucena-Uresti-225x300.jpg 225w, https:\/\/zonaroja.com.mx\/wp-content\/uploads\/2021\/08\/Desplegado-medios-Azucena-Uresti-768x1023.jpg 768w, https:\/\/zonaroja.com.mx\/wp-content\/uploads\/2021\/08\/Desplegado-medios-Azucena-Uresti-585x779.jpg 585w, https:\/\/zonaroja.com.mx\/wp-content\/uploads\/2021\/08\/Desplegado-medios-Azucena-Uresti.jpg 961w\" sizes=\"(max-width: 769px) 100vw, 769px\" \/><\/figure>\n\n\n\n<p>\u201cLos medios de comunicaci\u00f3n abajo firmantes rechazamos de manera en\u00e9rgica las amenazas de las que han sido objeto compa\u00f1eras y compa\u00f1eros de \u2018Milenio\u2019, Televisa y \u2018El Universal\u2019 de parte de grupos criminales \u2018inconformes\u2019 con las coberturas period\u00edsticas que han hecho del conflicto en Michoac\u00e1n.<\/p>\n\n\n\n<p>\u201cEn particular, la periodista Azucena Uresti recibi\u00f3 v\u00eda redes sociales la amenaza directa de un l\u00edder criminal, lo que es inaceptable en un Estado de Derecho como en el que deber\u00edamos vivir.<\/p>\n\n\n\n<p>\u201cLos grupos que lanzan esta amenaza saben que pueden hacerlo por la impunidad que gozan quienes durante d\u00e9cadas han intimidado a periodistas y medios de comunicaci\u00f3n.<\/p>\n\n\n\n<p>\u201cEn muchas regiones del pa\u00eds, acciones como la vista ayer han sido pre\u00e1mbulo para m\u00e1s ataques o amenazas contra periodistas, convirti\u00e9ndolas en virtuales zonas de silencio.<\/p>\n\n\n\n<p>\u201cExigimos a las autoridades correspondientes salvaguardar la integridad f\u00edsica de todos los compa\u00f1eros comprometidos por estas expresiones delincuenciales, y exhortamos a echar a andar, con car\u00e1cter de urgente, los mecanismos de protecci\u00f3n que ampara la ley, de tal manera que se proteja a cada uno de ellos.<\/p>\n\n\n\n<p>\u201cEsperamos del gobierno federal un pronunciamiento condenando los hechos y la garant\u00eda de que quienes se expresan con tanta soltura en redes sociales sean aprehendidos y llevados a juicio.<\/p>\n\n\n\n<p>\u201cEstamos convencidos que la transformaci\u00f3n que se quiera dar en el pa\u00eds, no se puede lograr si la libertad de expresi\u00f3n est\u00e1 amenazada.<\/p>\n\n\n\n<p>\u201cM\u00e9xico es uno de los pa\u00edses m\u00e1s peligrosos para ejercer el periodismo en el mundo, situaci\u00f3n que debe ser revertida mediante una acci\u00f3n contundente por parte del Estado mexicano.<\/p>\n\n\n\n<p>\u201cSon tiempos de garantizar la libertad de expresi\u00f3n y fortalecer la democracia en el pa\u00eds, no de debilitarlos con estigmatizaciones\u201d, expone el documento que firman tambi\u00e9n los medios La Silla Rota, \u201cPublimetro\u201d, Animal Pol\u00edtico, \u201cDebate\u201d \u201cVanguardia MX\u201d, \u201cEje Central\u201d, Organizaci\u00f3n Editorial Mexicana, SEM M\u00e9xico, World Association of Newspapers and News Publishers, \u201cEl Economista\u201d, \u201cPol\u00edtico MX\u201d y \u00a0Servicio Exterior Mexicano.<\/p>\n","protected":false},"excerpt":{"rendered":"<p>Redacci\u00f3n\/Zona Roja Cdmx. Ciudad de M\u00e9xico, 9 de agosto de 2021.- Medios informativos de la&hellip;<\/p>\n","protected":false},"author":2,"featured_media":30716,"comment_status":"closed","ping_status":"open","sticky":false,"template":"","format":"standard","meta":{"_lmt_disableupdate":"","_lmt_disable":"","_jetpack_memberships_contains_paid_content":false,"footnotes":""},"categories":[109,47],"tags":[2842],"class_list":["post-30715","post","type-post","status-publish","format-standard","has-post-thumbnail","hentry","category-minuto-a-minuto","category-zona-gris","tag-azucena-uresti"],"jetpack_featured_media_url":"https:\/\/zonaroja.com.mx\/wp-content\/uploads\/2021\/08\/Azucena-Uresti.jpg","jetpack_sharing_enabled":true,"_links":{"self":[{"href":"https:\/\/zonaroja.com.mx\/index.php?rest_route=\/wp\/v2\/posts\/30715","targetHints":{"allow":["GET"]}}],"collection":[{"href":"https:\/\/zonaroja.com.mx\/index.php?rest_route=\/wp\/v2\/posts"}],"about":[{"href":"https:\/\/zonaroja.com.mx\/index.php?rest_route=\/wp\/v2\/types\/post"}],"author":[{"embeddable":true,"href":"https:\/\/zonaroja.com.mx\/index.php?rest_route=\/wp\/v2\/users\/2"}],"replies":[{"embeddable":true,"href":"https:\/\/zonaroja.com.mx\/index.php?rest_route=%2Fwp%2Fv2%2Fcomments&post=30715"}],"version-history":[{"count":1,"href":"https:\/\/zonaroja.com.mx\/index.php?rest_route=\/wp\/v2\/posts\/30715\/revisions"}],"predecessor-version":[{"id":30718,"href":"https:\/\/zonaroja.com.mx\/index.php?rest_route=\/wp\/v2\/posts\/30715\/revisions\/30718"}],"wp:featuredmedia":[{"embeddable":true,"href":"https:\/\/zonaroja.com.mx\/index.php?rest_route=\/wp\/v2\/media\/30716"}],"wp:attachment":[{"href":"https:\/\/zonaroja.com.mx\/index.php?rest_route=%2Fwp%2Fv2%2Fmedia&parent=30715"}],"wp:term":[{"taxonomy":"category","embeddable":true,"href":"https:\/\/zonaroja.com.mx\/index.php?rest_route=%2Fwp%2Fv2%2Fcategories&post=30715"},{"taxonomy":"post_tag","embeddable":true,"href":"https:\/\/zonaroja.com.mx\/index.php?rest_route=%2Fwp%2Fv2%2Ftags&post=30715"}],"curies":[{"name":"wp","href":"https:\/\/api.w.org\/{rel}","templated":true}]}}