{"id":30724,"date":"2021-08-09T21:17:25","date_gmt":"2021-08-10T02:17:25","guid":{"rendered":"http:\/\/www.zonaroja.com.mx\/?p=30724"},"modified":"2021-08-09T21:17:27","modified_gmt":"2021-08-10T02:17:27","slug":"aprueba-congreso-castigar-a-quien-cometa-delitos-en-redes-sociales-con-identidad-falsa","status":"publish","type":"post","link":"https:\/\/zonaroja.com.mx\/?p=30724","title":{"rendered":"Aprueba Congreso castigar a quien cometa delitos en redes sociales con identidad falsa"},"content":{"rendered":"\n<p>Redacci\u00f3n\/Zona Roja.<\/p>\n\n\n\n<p>Oaxaca de Ju\u00e1rez, Oax., 9 de agosto de 2021.- A propuesta de la diputada Magaly L\u00f3pez Dom\u00ednguez, el Congreso local reform\u00f3 el C\u00f3digo Penal para el Estado de Oaxaca, a fin de castigar hasta con seis a\u00f1os de prisi\u00f3n a la persona que adopte o utilice en los medios digitales, datos personales o una imagen totalmente ficticia o inexistente, con la finalidad de cometer alg\u00fan hecho il\u00edcito, este castigo es independientemente del delito que se llegue a configurar.<\/p>\n\n\n\n<p>La reforma al p\u00e1rrafo Cuarto del art\u00edculo 232 Bis A y la adici\u00f3n al art\u00edculo 232 Bis B, surge como medida al incremento deliberado de conductas il\u00edcitas a trav\u00e9s de internet, las cuales se dan generalmente por la libertad que otorga el anonimato en redes sociales y la facilidad de expresi\u00f3n de las ideas que permite que en algunos casos se lleven a cabo delitos que atentan contra el derecho al honor, a la intimidad y a la propia imagen de otras personas.<\/p>\n\n\n\n<p>Establece que se aplicar\u00e1n de dos a seis a\u00f1os de prisi\u00f3n, y multa de 200 a 400 veces el valor diario vigente de la Unidad de Medida y Actualizaci\u00f3n (UMA) al momento de la comisi\u00f3n del hecho, independientemente del delito que se llegue a configurar. Se a\u00f1ade que, los delitos en menci\u00f3n ser\u00e1n perseguidos por querella de parte ofendida o leg\u00edtimo representante.<\/p>\n\n\n\n<p>La diputada Magaly L\u00f3pez Dom\u00ednguez, impulsora de esta modificaci\u00f3n al C\u00f3digo Penal, expuso que el internet se ha convertido en uno de los espacios en donde la violencia se ejerce, normaliza y reproduce de manera acelerada. Asegur\u00f3 que el acoso, el hostigamiento, la viralizaci\u00f3n no consentida de audios, fotos o videos y hasta la suplantaci\u00f3n de identidades son cada vez m\u00e1s comunes en la vida digital.<\/p>\n\n\n\n<p>Mencion\u00f3 que ha habido muchos esfuerzos en regular este tipo de violencia, no s\u00f3lo porque es desproporcionalmente agresiva para las mujeres, ni\u00f1as y poblaci\u00f3n joven, sino porque cada vez tiene mayor incidencia.<\/p>\n\n\n\n<p>De acuerdo con un estudio sobre violencia digital realizado por el Centro de Investigaciones y Estudios de G\u00e9nero de la UNAM, en coordinaci\u00f3n con la Comisi\u00f3n Nacional para Erradicar la Violencia contra las Mujeres (Conavim)y la Secretar\u00eda de Gobernaci\u00f3n (Segob), los espacios virtuales son altamente hostiles para las mujeres, ni\u00f1as y otros grupos vulnerables, quienes a trav\u00e9s de redes sociales son v\u00edctimas de delitos a trav\u00e9s de personas que se escudan en perfiles falsos.<\/p>\n\n\n\n<p>La reforma al p\u00e1rrafo cuarto del art\u00edculo 232 Bis A y la adici\u00f3n al art\u00edculo 232 Bis B, aprobada por el Congreso Local, entrar\u00e1 en vigor luego de su publicaci\u00f3n en el Peri\u00f3dico Oficial del Estado de Oaxaca.<\/p>\n","protected":false},"excerpt":{"rendered":"<p>Redacci\u00f3n\/Zona Roja. Oaxaca de Ju\u00e1rez, Oax., 9 de agosto de 2021.- A propuesta de la&hellip;<\/p>\n","protected":false},"author":2,"featured_media":30720,"comment_status":"closed","ping_status":"open","sticky":false,"template":"","format":"standard","meta":{"_lmt_disableupdate":"","_lmt_disable":"","_jetpack_memberships_contains_paid_content":false,"footnotes":""},"categories":[109,46],"tags":[192],"class_list":["post-30724","post","type-post","status-publish","format-standard","has-post-thumbnail","hentry","category-minuto-a-minuto","category-zona-blanca","tag-diputada-magaly-lopez-dominguez"],"jetpack_featured_media_url":"https:\/\/zonaroja.com.mx\/wp-content\/uploads\/2021\/08\/Magaly-Lopez.jpeg","jetpack_sharing_enabled":true,"_links":{"self":[{"href":"https:\/\/zonaroja.com.mx\/index.php?rest_route=\/wp\/v2\/posts\/30724","targetHints":{"allow":["GET"]}}],"collection":[{"href":"https:\/\/zonaroja.com.mx\/index.php?rest_route=\/wp\/v2\/posts"}],"about":[{"href":"https:\/\/zonaroja.com.mx\/index.php?rest_route=\/wp\/v2\/types\/post"}],"author":[{"embeddable":true,"href":"https:\/\/zonaroja.com.mx\/index.php?rest_route=\/wp\/v2\/users\/2"}],"replies":[{"embeddable":true,"href":"https:\/\/zonaroja.com.mx\/index.php?rest_route=%2Fwp%2Fv2%2Fcomments&post=30724"}],"version-history":[{"count":1,"href":"https:\/\/zonaroja.com.mx\/index.php?rest_route=\/wp\/v2\/posts\/30724\/revisions"}],"predecessor-version":[{"id":30725,"href":"https:\/\/zonaroja.com.mx\/index.php?rest_route=\/wp\/v2\/posts\/30724\/revisions\/30725"}],"wp:featuredmedia":[{"embeddable":true,"href":"https:\/\/zonaroja.com.mx\/index.php?rest_route=\/wp\/v2\/media\/30720"}],"wp:attachment":[{"href":"https:\/\/zonaroja.com.mx\/index.php?rest_route=%2Fwp%2Fv2%2Fmedia&parent=30724"}],"wp:term":[{"taxonomy":"category","embeddable":true,"href":"https:\/\/zonaroja.com.mx\/index.php?rest_route=%2Fwp%2Fv2%2Fcategories&post=30724"},{"taxonomy":"post_tag","embeddable":true,"href":"https:\/\/zonaroja.com.mx\/index.php?rest_route=%2Fwp%2Fv2%2Ftags&post=30724"}],"curies":[{"name":"wp","href":"https:\/\/api.w.org\/{rel}","templated":true}]}}