{"id":30726,"date":"2021-08-09T22:16:14","date_gmt":"2021-08-10T03:16:14","guid":{"rendered":"http:\/\/www.zonaroja.com.mx\/?p=30726"},"modified":"2021-08-09T22:59:14","modified_gmt":"2021-08-10T03:59:14","slug":"solo-lluvias-y-vientos-pudieron-derribar-al-historico-gigante-de-oaxaca","status":"publish","type":"post","link":"https:\/\/zonaroja.com.mx\/?p=30726","title":{"rendered":"Cae en Oaxaca hist\u00f3rico \u00e1rbol de 200 a\u00f1os, que sembr\u00f3 Guadalupe Victoria"},"content":{"rendered":"\n<p>Redacci\u00f3n\/Zona Roja.<\/p>\n\n\n\n<p>Oaxaca de Ju\u00e1rez, Oax., 9 de agosto de 2021.- Bastaron alrededor de 20 minutos de fuertes lluvias y vientos para que el a\u00f1oso e hist\u00f3rico ejemplar cayera.<\/p>\n\n\n\n<p>Se trata de un Higo del Valle, de al menos 200 a\u00f1os de antig\u00fcedad, que habr\u00eda sembrado el que fue el primer Presidente de M\u00e9xico, Guadalupe Victoria, en la calzada de la Rep\u00fablica de la ciudad de Oaxaca.<\/p>\n\n\n\n<p>Ayer por la tarde, fue uno de los 10 ejemplares que tir\u00f3 la tormenta y hasta el momento ni grupos ambientalistas ni autoridades se han pronunciado al respecto.<\/p>\n\n\n\n<p>El libro \u201c\u00c1rboles Emblem\u00e1ticos de Oaxaca. Patrimonio vivo de la humanidad\u201d, de Francisco Ver\u00e1stegui, narra una leyenda en que Guadalupe Victoria, entonces teniente coronel, se encontraba tratando de cruzar el r\u00edo Jalatlaco (sobre el cual se encuentra la calzada de la Rep\u00fablica) bajo una intensa lluvia de balas, en 1812, en medio de la batalla contra los realistas.<\/p>\n\n\n\n<figure class=\"wp-block-embed-twitter wp-block-embed is-type-rich is-provider-twitter\"><div class=\"wp-block-embed__wrapper\">\n<div class=\"twitter-tweet\"><blockquote class=\"twitter-tweet\" data-lang=\"es\"><p lang=\"es\" dir=\"ltr\">Comparten video que ambientalistas difundieron recientemente acerca del hist\u00f3rico higo que se ubicaba en la calzada de la Rep\u00fablica de la ciudad de <a href=\"https:\/\/twitter.com\/hashtag\/Oaxaca?src=hash&amp;ref_src=twsrc%5Etfw\">#Oaxaca<\/a>, y que ayer fue derribado por fuertes vientos y lluvias. <a href=\"https:\/\/t.co\/JjsvThjYMc\">pic.twitter.com\/JjsvThjYMc<\/a><\/p>&mdash; Zona Roja Oaxaca (@Zona_Roja_Oax) <a href=\"https:\/\/twitter.com\/Zona_Roja_Oax\/status\/1424924169582485504?ref_src=twsrc%5Etfw\">10 de agosto de 2021<\/a><\/blockquote><\/div>\n<\/div><\/figure>\n\n\n\n<p>Fue entonces que grit\u00f3 la frase \u201cVa mi espada en prenda, voy por ella\u201d, cruzando a continuaci\u00f3n el r\u00edo; tras ello la tropa que encabez\u00f3 logr\u00f3 la victoria.<\/p>\n\n\n\n<p>Habiendo cumplido la misi\u00f3n, fue a la capilla de Bel\u00e9n, hoy en la calle Pino Su\u00e1rez y ah\u00ed se cambi\u00f3 el nombre al de Guadalupe Victoria, en memoria de la virgen y del triunfo.<\/p>\n\n\n\n<p>En recuerdo de dicha acci\u00f3n, se dice, plant\u00f3 el mencionado Higo del Valle en el sitio en que cay\u00f3 su espada cuando la lanz\u00f3 sobre el r\u00edo.<\/p>\n\n\n\n<p>Fue en la \u00e9poca del presidente municipal Manuel de Esesarte, con Alfonso G\u00f3mez Sandoval como tesorero, en que se le coloc\u00f3 una reja de protecci\u00f3n; en a\u00f1os recientes no se tienen registros de trabajos de conservaci\u00f3n.<\/p>\n\n\n\n<p>De acuerdo con una ficha bibliogr\u00e1fica, el ejemplar ten\u00eda una altura de 29.3 metros, un di\u00e1metro de copa de 36.5 metros y un tronco de unos 3.74 metros.<\/p>\n","protected":false},"excerpt":{"rendered":"<p>Redacci\u00f3n\/Zona Roja. Oaxaca de Ju\u00e1rez, Oax., 9 de agosto de 2021.- Bastaron alrededor de 20&hellip;<\/p>\n","protected":false},"author":2,"featured_media":30727,"comment_status":"closed","ping_status":"open","sticky":false,"template":"","format":"standard","meta":{"_lmt_disableupdate":"","_lmt_disable":"","_jetpack_memberships_contains_paid_content":false,"footnotes":""},"categories":[109,47],"tags":[2843],"class_list":["post-30726","post","type-post","status-publish","format-standard","has-post-thumbnail","hentry","category-minuto-a-minuto","category-zona-gris","tag-higo-del-valle-jalatlaco-oaxaca"],"jetpack_featured_media_url":"https:\/\/zonaroja.com.mx\/wp-content\/uploads\/2021\/08\/Higo-del-Valle-calzada-de-la-Republica-ciudad-de-Oaxaca.jpg","jetpack_sharing_enabled":true,"_links":{"self":[{"href":"https:\/\/zonaroja.com.mx\/index.php?rest_route=\/wp\/v2\/posts\/30726","targetHints":{"allow":["GET"]}}],"collection":[{"href":"https:\/\/zonaroja.com.mx\/index.php?rest_route=\/wp\/v2\/posts"}],"about":[{"href":"https:\/\/zonaroja.com.mx\/index.php?rest_route=\/wp\/v2\/types\/post"}],"author":[{"embeddable":true,"href":"https:\/\/zonaroja.com.mx\/index.php?rest_route=\/wp\/v2\/users\/2"}],"replies":[{"embeddable":true,"href":"https:\/\/zonaroja.com.mx\/index.php?rest_route=%2Fwp%2Fv2%2Fcomments&post=30726"}],"version-history":[{"count":2,"href":"https:\/\/zonaroja.com.mx\/index.php?rest_route=\/wp\/v2\/posts\/30726\/revisions"}],"predecessor-version":[{"id":30735,"href":"https:\/\/zonaroja.com.mx\/index.php?rest_route=\/wp\/v2\/posts\/30726\/revisions\/30735"}],"wp:featuredmedia":[{"embeddable":true,"href":"https:\/\/zonaroja.com.mx\/index.php?rest_route=\/wp\/v2\/media\/30727"}],"wp:attachment":[{"href":"https:\/\/zonaroja.com.mx\/index.php?rest_route=%2Fwp%2Fv2%2Fmedia&parent=30726"}],"wp:term":[{"taxonomy":"category","embeddable":true,"href":"https:\/\/zonaroja.com.mx\/index.php?rest_route=%2Fwp%2Fv2%2Fcategories&post=30726"},{"taxonomy":"post_tag","embeddable":true,"href":"https:\/\/zonaroja.com.mx\/index.php?rest_route=%2Fwp%2Fv2%2Ftags&post=30726"}],"curies":[{"name":"wp","href":"https:\/\/api.w.org\/{rel}","templated":true}]}}