{"id":30729,"date":"2021-08-09T22:25:23","date_gmt":"2021-08-10T03:25:23","guid":{"rendered":"http:\/\/www.zonaroja.com.mx\/?p=30729"},"modified":"2021-08-09T22:25:27","modified_gmt":"2021-08-10T03:25:27","slug":"sigue-oaxaca-lleno-de-protestas-y-titular-de-segego-supervisa-carretera","status":"publish","type":"post","link":"https:\/\/zonaroja.com.mx\/?p=30729","title":{"rendered":"Sigue Oaxaca lleno de protestas\u2026 y titular de Segego supervisa carretera"},"content":{"rendered":"\n<p>Evlin Arag\u00f3n\/Zona Roja.<\/p>\n\n\n\n<p>Oaxaca de Ju\u00e1rez, Oax., 9 de agosto de 2021.- Mientras las protestas siguen incesantes en Oaxaca, el titular de la Secretar\u00eda General de Gobierno (Segego), Francisco Garc\u00eda L\u00f3pez, se ocupa de otras actividades ajenas a su encargo.<\/p>\n\n\n\n<p>El fin de semana acudi\u00f3 a supervisar los trabajos de construcci\u00f3n de la supercarretera Oaxaca-Costa, \u201cproyecto que detonar\u00e1 la econom\u00eda y el desarrollo de Oaxaca\u201d.<\/p>\n\n\n\n<p>Mientras tanto, como ya es costumbre y pese a la tercera oleada de la pandemia por Covid-19, la semana inicio con una serie de protestas por parte de diferentes grupos sociales que argumentan la falta de atenci\u00f3n por parte de las autoridades estatales.\u00a0<\/p>\n\n\n\n<figure class=\"wp-block-embed-twitter wp-block-embed is-type-rich is-provider-twitter\"><div class=\"wp-block-embed__wrapper\">\n<div class=\"twitter-tweet\"><blockquote class=\"twitter-tweet\" data-lang=\"es\"><p lang=\"es\" dir=\"ltr\"><a href=\"https:\/\/twitter.com\/hashtag\/%C3%9AltimoMinuto?src=hash&amp;ref_src=twsrc%5Etfw\">#\u00daltimoMinuto<\/a> <br>Organizaciones sociales iniciaron hoy una marcha-caravana a la Ciudad de M\u00e9xico, con la finalidad de exigir justicia en varios casos de la entidad oaxaque\u00f1a. <a href=\"https:\/\/t.co\/abWJ9CQhBV\">pic.twitter.com\/abWJ9CQhBV<\/a><\/p>&mdash; Zona Roja Oaxaca (@Zona_Roja_Oax) <a href=\"https:\/\/twitter.com\/Zona_Roja_Oax\/status\/1424743415540068357?ref_src=twsrc%5Etfw\">9 de agosto de 2021<\/a><\/blockquote><\/div>\n<\/div><\/figure>\n\n\n\n<p>Desde temprana hora organizaciones sociales se concentraron en el Centro Hist\u00f3rico para dar inicio a la marcha-caravana rumbo a la Ciudad de M\u00e9xico, anunciada desde la semana pasada, con la intenci\u00f3n de llevar demandas locales a las autoridades de la Fiscal\u00eda General de la Rep\u00fablica, Gobernaci\u00f3n y Comisi\u00f3n Nacional de Derechos Humanos.&nbsp;<\/p>\n\n\n\n<p>Una de las principales demandas es la instalaci\u00f3n de una mesa \u00fanica de justicia con los diferentes funcionarios de gobierno, incluyendo la presencia del gobernador Alejandro Murat Hinojosa, a fin de que explique porque no avanza la procuraci\u00f3n de justicia en casos que competen a las organizaciones sociales.<\/p>\n\n\n\n<p>En la actividad participan pobladores de San Mateo del Mar y Camotl\u00e1n, integrantes del Comit\u00e9 de V\u00edctima del 19 de Junio, familiares de desaparecidos, as\u00ed como integrantes de organizaciones sociales afines a la lucha social como el Frente Popular Revolucionario, Uni\u00f3n de Artesanos y Comerciantes Oaxaque\u00f1os en Lucha, Movimiento de Unificaci\u00f3n y Lucha Triqui, Bloque Comunitario, y el Frente Amplio de Lucha Popular.<\/p>\n\n\n\n<figure class=\"wp-block-embed-twitter wp-block-embed is-type-rich is-provider-twitter\"><div class=\"wp-block-embed__wrapper\">\n<div class=\"twitter-tweet\"><blockquote class=\"twitter-tweet\" data-lang=\"es\"><p lang=\"es\" dir=\"ltr\"><a href=\"https:\/\/twitter.com\/hashtag\/%C3%9AltimoMinuto?src=hash&amp;ref_src=twsrc%5Etfw\">#\u00daltimoMinuto<\/a> <br>As\u00ed el bloqueo de transportistas en la avenida S\u00edmbolos Patrios, por parte de ex afiliados a la CTM y ahora integrantes de la Federaci\u00f3n Internacional de Trabajadores de Oaxaca, que dirige Hip\u00f3lito Rojas. <br>Impiden la labor de la prensa en uno de los bloques. <a href=\"https:\/\/t.co\/8wiGubI2pi\">pic.twitter.com\/8wiGubI2pi<\/a><\/p>&mdash; Zona Roja Oaxaca (@Zona_Roja_Oax) <a href=\"https:\/\/twitter.com\/Zona_Roja_Oax\/status\/1424832579291787265?ref_src=twsrc%5Etfw\">9 de agosto de 2021<\/a><\/blockquote><\/div>\n<\/div><\/figure>\n\n\n\n<p>BLOQUEO A OBRA<\/p>\n\n\n\n<p>Mientras que, decenas de transportistas adheridos a la Federaci\u00f3n Internacional de Trabajadores de Oaxaca (FITO) y Confederaci\u00f3n Internacional de Trabajadores (CIT), se instalaron en inmediaciones de la avenida S\u00edmbolos Patrios donde se lleva a cabo la ampliaci\u00f3n de carriles.&nbsp;<\/p>\n\n\n\n<p>De acuerdo con Hip\u00f3lito Rojas la protesta es para exigir que la obra asignada en su totalidad a la Confederaci\u00f3n Aut\u00f3noma de Trabajadores y Empleados de M\u00e9xico (CATEM) sea compartida, tal y como sucede en otras que se llevan a cabo en Santa Rosa Panzacola, CityBus, Santa Cruz Amilpas, entre otras.&nbsp;<\/p>\n\n\n\n<p>Aunque al inicio de su protesta \u00fanicamente interrumpieron la circulaci\u00f3n en un carril, despu\u00e9s del mediod\u00eda bloquearon el crucero con la avenida Universidad y en inmediaciones de la colonia Reforma Agraria, situaci\u00f3n que ocasion\u00f3 una afectaci\u00f3n considerable debido la cantidad de veh\u00edculos que transitan en la zona. Fue hasta la noche en que se retiraron.<\/p>\n\n\n\n<p>Por otra parte, integrantes del Comit\u00e9 de Defensa de Derechos Ind\u00edgenas (Codedi) denunciaron el narco estado que se vive en las comunidades de la Sierra Sur, la cual se traduce en violencia en contra de activistas que se mantiene en defensa del territorio.&nbsp;<\/p>\n\n\n\n<p>De manera particular dieron a conocer que el pasado 24 de julio, elementos de la polic\u00eda de Santa Mar\u00eda Huatulco detuvieron a Josu\u00e9 S\u00e1nchez y Crist\u00f3bal Ram\u00edrez Cruz y los entregaron con personas presuntamente del crimen organizado que ya los estaban esperando; por lo anterior denunciaron a las autoridades trabajan de la mano con grupos armados que vulneran la seguridad y paz de la zona.\u00a0\u00a0<\/p>\n\n\n\n<figure class=\"wp-block-embed-twitter wp-block-embed is-type-rich is-provider-twitter\"><div class=\"wp-block-embed__wrapper\">\n<div class=\"twitter-tweet\"><blockquote class=\"twitter-tweet\" data-lang=\"es\"><p lang=\"es\" dir=\"ltr\"><a href=\"https:\/\/twitter.com\/hashtag\/%C3%9AltimoMinuto?src=hash&amp;ref_src=twsrc%5Etfw\">#\u00daltimoMinuto<\/a> <br>Militantes de la organizaci\u00f3n Comit\u00e9 de Defensa de los Derechos Ciudadanos (Codedi) denunciaron hoy presuntas agresiones por parte del Estado. <a href=\"https:\/\/t.co\/rJ4HFmrkcI\">pic.twitter.com\/rJ4HFmrkcI<\/a><\/p>&mdash; Zona Roja Oaxaca (@Zona_Roja_Oax) <a href=\"https:\/\/twitter.com\/Zona_Roja_Oax\/status\/1424762515515400203?ref_src=twsrc%5Etfw\">9 de agosto de 2021<\/a><\/blockquote><\/div>\n<\/div><\/figure>\n\n\n\n<p>Lo anterior en el marco del D\u00eda Internacional de los Pueblos y las Comunidades Ind\u00edgenas, fecha que aprovecharon para denunciar que la Sierra Sur est\u00e1 aislada pero no por el Covid sino por el olvido y menosprecio a los pueblos por parte de las autoridades estatales y federales.&nbsp;<\/p>\n\n\n\n<p>Finalmente, artistas oaxaque\u00f1os instalaron su obra sobre la calle 5 de Mayo, como parte de una protesta pac\u00edfica para reclamar la negativa por parte de la autoridad del municipio de Oaxaca de Ju\u00e1rez, encabezada por Oswaldo Garc\u00eda Jarqu\u00edn, de permitirles vender en el jard\u00edn Antonia Labastida.<\/p>\n\n\n\n<p>\u201cOswaldo Jarqu\u00edn eres una verg\u00fcenza para la 4T. Apoyo al arte en Oaxaca\u201d, refer\u00eda la lona colocada como parte de la manifestaci\u00f3n.&nbsp;&nbsp;<\/p>\n\n\n\n<p>En el lugar, Pedro Olivera Reyes, presidente del Jard\u00edn del Arte \u201cAntonia Labastida\u201d, asegur\u00f3 que desde hace muchos a\u00f1os dicho espacio p\u00fablico ha estado destinado para la promoci\u00f3n, exposici\u00f3n y venta de arte oaxaque\u00f1o, actividad que nada tiene que ver con el comercio ambulante.&nbsp;<\/p>\n\n\n\n<p>Por lo anterior pidi\u00f3 la intervenci\u00f3n del gobernador de Oaxaca, Alejandro Murat Hinojosa a fin de que puedan reinstalarse, toda vez que no existen otros espacios para exponer la obra de oaxaque\u00f1as y oaxaque\u00f1os que no cuentan con el respaldo de alguna galer\u00eda.\u00a0<\/p>\n\n\n\n<figure class=\"wp-block-embed-twitter wp-block-embed is-type-rich is-provider-twitter\"><div class=\"wp-block-embed__wrapper\">\n<div class=\"twitter-tweet\"><blockquote class=\"twitter-tweet\" data-lang=\"es\"><p lang=\"es\" dir=\"ltr\"><a href=\"https:\/\/twitter.com\/hashtag\/ENVIVO?src=hash&amp;ref_src=twsrc%5Etfw\">#ENVIVO<\/a> <br>Oaxaca de Ju\u00e1rez, Oax., a 9 de agosto de 2021.- Artistas pl\u00e1sticos colocan su exposici\u00f3n en banquetas, ante la prohibici\u00f3n del ayuntamiento de instalarse en el jard\u00edn Antonina Labastida, de la capital.<br>Siga la transmisi\u00f3n: <br>\ud83d\udc47<a href=\"https:\/\/t.co\/V2LhQir2rR\">https:\/\/t.co\/V2LhQir2rR<\/a><\/p>&mdash; Zona Roja Oaxaca (@Zona_Roja_Oax) <a href=\"https:\/\/twitter.com\/Zona_Roja_Oax\/status\/1424790114086146049?ref_src=twsrc%5Etfw\">9 de agosto de 2021<\/a><\/blockquote><\/div>\n<\/div><\/figure>\n","protected":false},"excerpt":{"rendered":"<p>Evlin Arag\u00f3n\/Zona Roja. Oaxaca de Ju\u00e1rez, Oax., 9 de agosto de 2021.- Mientras las protestas&hellip;<\/p>\n","protected":false},"author":2,"featured_media":30730,"comment_status":"closed","ping_status":"open","sticky":false,"template":"","format":"standard","meta":{"_lmt_disableupdate":"","_lmt_disable":"","_jetpack_memberships_contains_paid_content":false,"footnotes":""},"categories":[109,47],"tags":[2121],"class_list":["post-30729","post","type-post","status-publish","format-standard","has-post-thumbnail","hentry","category-minuto-a-minuto","category-zona-gris","tag-secretaria-general-de-gobierno-segego"],"jetpack_featured_media_url":"https:\/\/zonaroja.com.mx\/wp-content\/uploads\/2021\/08\/Bloqueo-carretero-avenida-simbolos-patrios.jpg","jetpack_sharing_enabled":true,"_links":{"self":[{"href":"https:\/\/zonaroja.com.mx\/index.php?rest_route=\/wp\/v2\/posts\/30729","targetHints":{"allow":["GET"]}}],"collection":[{"href":"https:\/\/zonaroja.com.mx\/index.php?rest_route=\/wp\/v2\/posts"}],"about":[{"href":"https:\/\/zonaroja.com.mx\/index.php?rest_route=\/wp\/v2\/types\/post"}],"author":[{"embeddable":true,"href":"https:\/\/zonaroja.com.mx\/index.php?rest_route=\/wp\/v2\/users\/2"}],"replies":[{"embeddable":true,"href":"https:\/\/zonaroja.com.mx\/index.php?rest_route=%2Fwp%2Fv2%2Fcomments&post=30729"}],"version-history":[{"count":1,"href":"https:\/\/zonaroja.com.mx\/index.php?rest_route=\/wp\/v2\/posts\/30729\/revisions"}],"predecessor-version":[{"id":30731,"href":"https:\/\/zonaroja.com.mx\/index.php?rest_route=\/wp\/v2\/posts\/30729\/revisions\/30731"}],"wp:featuredmedia":[{"embeddable":true,"href":"https:\/\/zonaroja.com.mx\/index.php?rest_route=\/wp\/v2\/media\/30730"}],"wp:attachment":[{"href":"https:\/\/zonaroja.com.mx\/index.php?rest_route=%2Fwp%2Fv2%2Fmedia&parent=30729"}],"wp:term":[{"taxonomy":"category","embeddable":true,"href":"https:\/\/zonaroja.com.mx\/index.php?rest_route=%2Fwp%2Fv2%2Fcategories&post=30729"},{"taxonomy":"post_tag","embeddable":true,"href":"https:\/\/zonaroja.com.mx\/index.php?rest_route=%2Fwp%2Fv2%2Ftags&post=30729"}],"curies":[{"name":"wp","href":"https:\/\/api.w.org\/{rel}","templated":true}]}}