{"id":3073,"date":"2019-08-14T10:00:25","date_gmt":"2019-08-14T15:00:25","guid":{"rendered":"http:\/\/www.zonaroja.com.mx\/?p=3073"},"modified":"2019-08-14T07:13:40","modified_gmt":"2019-08-14T12:13:40","slug":"oaxaquenas-representaran-a-mexico-en-los-parapanamericanos-2019","status":"publish","type":"post","link":"https:\/\/zonaroja.com.mx\/?p=3073","title":{"rendered":"Oaxaque\u00f1as representar\u00e1n a M\u00e9xico en los Parapanamericanos 2019"},"content":{"rendered":"\n<p>Evlin\nArag\u00f3n\/Zona Roja.<\/p>\n\n\n\n<p>Oaxaca de\nJu\u00e1rez, Oax., 14 de agosto de 2019.- Fel\u00edcitas Ram\u00edrez Acevedo, Rosario Ventura\nL\u00f3pez, Mar\u00eda Candelaria Dom\u00ednguez Regino y Anaisa P\u00e9rez Pacheco forman parte de\nla selecci\u00f3n mexicana de basquetbol en sillas de ruedas, que participar\u00e1 en los\nJuegos Parapanamericanos de Lima, Per\u00fa 2019.<\/p>\n\n\n\n<p>Se trata de\nlas \u00fanicas oaxaque\u00f1as que asistir\u00e1n a la justa deportiva que arranca el pr\u00f3ximo\n23 de agosto y donde pretenden superar el quinto lugar que obtuvo M\u00e9xico en el\n2015 en esta disciplina.<\/p>\n\n\n\n<p>Las cuatro mujeres deportistas formaron parte del equipo mexicano que particip\u00f3 en el III Campeonato Femenil Latinoamericano Guatemala 2018 donde consiguieron su pase a los Juegos Panamericanos de Lima, Per\u00fa 2019.<\/p>\n\n\n\n<figure class=\"wp-block-embed-twitter wp-block-embed is-type-rich is-provider-twitter\"><div class=\"wp-block-embed__wrapper\">\n<div class=\"twitter-tweet\"><blockquote class=\"twitter-tweet\" data-lang=\"es\"><p lang=\"es\" dir=\"ltr\">Mi reconocimiento para Anaisa P\u00e9rez Pacheco de \u2066<a href=\"https:\/\/twitter.com\/uabjoidiomas?ref_src=twsrc%5Etfw\">@uabjoidiomas<\/a>\u2069 quien representar\u00e1 a <a href=\"https:\/\/twitter.com\/UABJO?ref_src=twsrc%5Etfw\">@uabjo<\/a> y a nuestro pa\u00eds en los \u2066<a href=\"https:\/\/twitter.com\/PeruParalimpico?ref_src=twsrc%5Etfw\">@PeruParalimpico<\/a>\u2069 en la disciplina de b\u00e1squetbol \ud83c\uddf5\ud83c\uddea \u2066<a href=\"https:\/\/twitter.com\/Lima2019Juegos?ref_src=twsrc%5Etfw\">@Lima2019Juegos<\/a>\u2069<br>\u2066<a href=\"https:\/\/twitter.com\/comunica_UABJO?ref_src=twsrc%5Etfw\">@comunica_UABJO<\/a>\u2069 <a href=\"https:\/\/t.co\/dOVsl4xmiX\">pic.twitter.com\/dOVsl4xmiX<\/a><\/p>&mdash; Eduardo Bautista (@Bautistaeduardo) <a href=\"https:\/\/twitter.com\/Bautistaeduardo\/status\/1160722481117835265?ref_src=twsrc%5Etfw\">12 de agosto de 2019<\/a><\/blockquote><\/div>\n<\/div><\/figure>\n\n\n\n<p>Felicita\nRam\u00edrez Acevedo, es la \u00fanica que repite en los juegos Parapanamericanos tras su\nparticipaci\u00f3n en la justa deportiva que se realiz\u00f3 en Canad\u00e1 2015, ocupando el\nquinto lugar junto con la selecci\u00f3n mexicana.<\/p>\n\n\n\n<p>Mientras que\nRosario Ventura L\u00f3pez y Mar\u00eda Candelaria Dom\u00ednguez Regino, cuentan con\nexperiencia en competencias nacionales e internacionales en las que tambi\u00e9n han\nrepresentado al estado y al pa\u00eds.<\/p>\n\n\n\n<p>Por su parte\nAnaisa P\u00e9rez Pacheco fue parte del equipo nacional en los Juegos Paral\u00edmpicos\nLondres 2012, lo que le vali\u00f3 ser la ganadora del Premio Estatal del Deporte.<\/p>\n\n\n\n<p>La joven es\nestudiante de la Facultad de Idiomas en la Universidad Aut\u00f3noma \u201cBenito Ju\u00e1rez\u201d\nde Oaxaca y fue reconocida recientemente por el rector de la m\u00e1xima casa de\nestudios, Eduardo Mart\u00ednez Bautista, previo a su participaci\u00f3n.<\/p>\n\n\n\n<p>\u201cMi\nreconocimiento para Anaisa P\u00e9rez Pacheco de @uabjoidiomas quien representar\u00e1 a\n@uabjo y a nuestro pa\u00eds en los @PeruParalimpico en la disciplina de b\u00e1squetbol\n@Lima2019Juegos @comunica_UABJO\u201d, escribi\u00f3 Mart\u00ednez Bautista en su cuenta de Twitter.<\/p>\n","protected":false},"excerpt":{"rendered":"<p>Evlin Arag\u00f3n\/Zona Roja. Oaxaca de Ju\u00e1rez, Oax., 14 de agosto de 2019.- Fel\u00edcitas Ram\u00edrez Acevedo,&hellip;<\/p>\n","protected":false},"author":2,"featured_media":3074,"comment_status":"closed","ping_status":"open","sticky":false,"template":"","format":"standard","meta":{"_lmt_disableupdate":"","_lmt_disable":"","_jetpack_memberships_contains_paid_content":false,"footnotes":""},"categories":[109,46],"tags":[549],"class_list":["post-3073","post","type-post","status-publish","format-standard","has-post-thumbnail","hentry","category-minuto-a-minuto","category-zona-blanca","tag-paralimpicos-oaxaca-en-lima-peru"],"jetpack_featured_media_url":"https:\/\/zonaroja.com.mx\/wp-content\/uploads\/2019\/08\/Image-1-3.png","jetpack_sharing_enabled":true,"_links":{"self":[{"href":"https:\/\/zonaroja.com.mx\/index.php?rest_route=\/wp\/v2\/posts\/3073","targetHints":{"allow":["GET"]}}],"collection":[{"href":"https:\/\/zonaroja.com.mx\/index.php?rest_route=\/wp\/v2\/posts"}],"about":[{"href":"https:\/\/zonaroja.com.mx\/index.php?rest_route=\/wp\/v2\/types\/post"}],"author":[{"embeddable":true,"href":"https:\/\/zonaroja.com.mx\/index.php?rest_route=\/wp\/v2\/users\/2"}],"replies":[{"embeddable":true,"href":"https:\/\/zonaroja.com.mx\/index.php?rest_route=%2Fwp%2Fv2%2Fcomments&post=3073"}],"version-history":[{"count":1,"href":"https:\/\/zonaroja.com.mx\/index.php?rest_route=\/wp\/v2\/posts\/3073\/revisions"}],"predecessor-version":[{"id":3075,"href":"https:\/\/zonaroja.com.mx\/index.php?rest_route=\/wp\/v2\/posts\/3073\/revisions\/3075"}],"wp:featuredmedia":[{"embeddable":true,"href":"https:\/\/zonaroja.com.mx\/index.php?rest_route=\/wp\/v2\/media\/3074"}],"wp:attachment":[{"href":"https:\/\/zonaroja.com.mx\/index.php?rest_route=%2Fwp%2Fv2%2Fmedia&parent=3073"}],"wp:term":[{"taxonomy":"category","embeddable":true,"href":"https:\/\/zonaroja.com.mx\/index.php?rest_route=%2Fwp%2Fv2%2Fcategories&post=3073"},{"taxonomy":"post_tag","embeddable":true,"href":"https:\/\/zonaroja.com.mx\/index.php?rest_route=%2Fwp%2Fv2%2Ftags&post=3073"}],"curies":[{"name":"wp","href":"https:\/\/api.w.org\/{rel}","templated":true}]}}