{"id":30732,"date":"2021-08-09T22:28:59","date_gmt":"2021-08-10T03:28:59","guid":{"rendered":"http:\/\/www.zonaroja.com.mx\/?p=30732"},"modified":"2021-08-09T22:29:02","modified_gmt":"2021-08-10T03:29:02","slug":"llega-a-24-los-hospitales-saturados-de-pacientes-con-covid-en-oaxaca","status":"publish","type":"post","link":"https:\/\/zonaroja.com.mx\/?p=30732","title":{"rendered":"Llega a 24 los hospitales saturados de pacientes con Covid en Oaxaca"},"content":{"rendered":"\n<p>Redacci\u00f3n\/Zona Roja.<\/p>\n\n\n\n<p>Oaxaca de Ju\u00e1rez, Oax. 9 de agosto de 2021.- Al corte de este lunes, los Servicios de Salud de Oaxaca (SSO), reportan 24 nosocomios al 100 por ciento de su capacidad, hay 21 nuevos hospitalizados y dos mil 298 personas que cursan con la enfermedad viral en fase activa.<\/p>\n\n\n\n<p>De acuerdo con un comunicado, la este 9 de agosto se han contabilizado cinco decesos, que suman cuatro mil 233 defunciones, 57 mil 849 casos acumulados, y 51 mil 318 personas que se han recuperado de la enfermedad.<\/p>\n\n\n\n<p>Por Jurisdicci\u00f3n Sanitaria, Valles Centrales contabiliza, 36 mil 052 casos confirmados y mil 979 defunciones, Istmo de Tehuantepec siete mil 99 confirmados y 887 fallecimientos, Tuxtepec tres mil 818 confirmados y 372 muertes, Costa cuatro mil 202 confirmados y 347 p\u00e9rdidas de vidas humanas, Mixteca cuatro mil 724 confirmados y 419 defunciones, Sierra mil 954 confirmados y 229 v\u00edctimas mortales.<\/p>\n\n\n\n<p>Cabe destacar que hay 100 casos nuevos de Covid-19, que afectan a 30 municipios, siendo Santa Mar\u00eda Huatulco el primer lugar con 27 registros, seguido de Oaxaca de Ju\u00e1rez con 15, San Juan Bautista Tuxtepec con 12, Putla Villa de Guerrero con ocho, Salina Cruz y Ocotl\u00e1n de Morelos cuatro cada uno, el resto dos y un caso.<\/p>\n\n\n\n<p>En relaci\u00f3n a la ocupaci\u00f3n hospitalaria, destaca Tuxtepec con el 88.5%, Valles Centrales contabiliza 74.3%, Istmo 73.7%, Costa 66.7%, Mixteca 70% y Sierra 0%, lo que eleva a 72.5% la saturaci\u00f3n global de la red m\u00e9dica.<\/p>\n\n\n\n<figure class=\"wp-block-embed-twitter wp-block-embed is-type-rich is-provider-twitter\"><div class=\"wp-block-embed__wrapper\">\n<div class=\"twitter-tweet\"><blockquote class=\"twitter-tweet\" data-lang=\"es\"><p lang=\"es\" dir=\"ltr\"><a href=\"https:\/\/twitter.com\/hashtag\/%C3%9AltimoMinuto?src=hash&amp;ref_src=twsrc%5Etfw\">#\u00daltimoMinuto<\/a><br>Con 100 casos positivos de Covid, inicia <a href=\"https:\/\/twitter.com\/hashtag\/Oaxaca?src=hash&amp;ref_src=twsrc%5Etfw\">#Oaxaca<\/a> otras dos semanas en sem\u00e1foro naranja; van 57 mil 849 casos confirmados.<br>Tambi\u00e9n, 5 decesos, para un total de 4 mil 233 muertes.<br>Hay 2 mil 289 casos activos.<br>Ocupaci\u00f3n hospitalaria al 72.5%; 24 hospitales llenos. <a href=\"https:\/\/t.co\/LRFA5WsaQV\">pic.twitter.com\/LRFA5WsaQV<\/a><\/p>&mdash; Zona Roja Oaxaca (@Zona_Roja_Oax) <a href=\"https:\/\/twitter.com\/Zona_Roja_Oax\/status\/1424905467814318093?ref_src=twsrc%5Etfw\">10 de agosto de 2021<\/a><\/blockquote><\/div>\n<\/div><\/figure>\n\n\n\n<p>REACCIONES POR VACUNAS<\/p>\n\n\n\n<p>La instituci\u00f3n detalla que los Eventos Supuestamente Atribuibles a la Vacunaci\u00f3n e Inmunizaci\u00f3n (ESAVI) por la farmac\u00e9utica Pfizer-BioNTech, se han notificado en total 686 casos, 13 casos graves y 673 no graves, los s\u00edntomas m\u00e1s frecuentes fueron: cefalea, dolor o sensibilidad local, astenia y mialgias.<\/p>\n\n\n\n<p>De AstraZeneca, se notificaron 177 casos de los cuales uno fue grave, y 176 no graves, que presentaron principalmente cefalea, fiebre, mialgias y escalofr\u00edos. De la vacuna SINOVAC, se notificaron 50 casos, de los cuales cuatro fueron graves y 46 no graves, presentaron dolor o sensibilidad local, astenia, mareos y adinamia.&nbsp;&nbsp;&nbsp;<\/p>\n\n\n\n<p>Del biol\u00f3gico CanSino Biologics, se notificaron 57 casos, todos en primera dosis, cinco graves y 52 no graves, los s\u00edntomas que presentaron son: astenia, adinamia, n\u00e1useas y mareos.<\/p>\n\n\n\n<p>(Comunicado)<\/p>\n","protected":false},"excerpt":{"rendered":"<p>Redacci\u00f3n\/Zona Roja. Oaxaca de Ju\u00e1rez, Oax. 9 de agosto de 2021.- Al corte de este&hellip;<\/p>\n","protected":false},"author":2,"featured_media":30733,"comment_status":"closed","ping_status":"open","sticky":false,"template":"","format":"standard","meta":{"_lmt_disableupdate":"","_lmt_disable":"","_jetpack_memberships_contains_paid_content":false,"footnotes":""},"categories":[109,47],"tags":[1512],"class_list":["post-30732","post","type-post","status-publish","format-standard","has-post-thumbnail","hentry","category-minuto-a-minuto","category-zona-gris","tag-coronavirus-oaxaca"],"jetpack_featured_media_url":"https:\/\/zonaroja.com.mx\/wp-content\/uploads\/2021\/08\/GRAFICA-SSO-01.jpg","jetpack_sharing_enabled":true,"_links":{"self":[{"href":"https:\/\/zonaroja.com.mx\/index.php?rest_route=\/wp\/v2\/posts\/30732","targetHints":{"allow":["GET"]}}],"collection":[{"href":"https:\/\/zonaroja.com.mx\/index.php?rest_route=\/wp\/v2\/posts"}],"about":[{"href":"https:\/\/zonaroja.com.mx\/index.php?rest_route=\/wp\/v2\/types\/post"}],"author":[{"embeddable":true,"href":"https:\/\/zonaroja.com.mx\/index.php?rest_route=\/wp\/v2\/users\/2"}],"replies":[{"embeddable":true,"href":"https:\/\/zonaroja.com.mx\/index.php?rest_route=%2Fwp%2Fv2%2Fcomments&post=30732"}],"version-history":[{"count":1,"href":"https:\/\/zonaroja.com.mx\/index.php?rest_route=\/wp\/v2\/posts\/30732\/revisions"}],"predecessor-version":[{"id":30734,"href":"https:\/\/zonaroja.com.mx\/index.php?rest_route=\/wp\/v2\/posts\/30732\/revisions\/30734"}],"wp:featuredmedia":[{"embeddable":true,"href":"https:\/\/zonaroja.com.mx\/index.php?rest_route=\/wp\/v2\/media\/30733"}],"wp:attachment":[{"href":"https:\/\/zonaroja.com.mx\/index.php?rest_route=%2Fwp%2Fv2%2Fmedia&parent=30732"}],"wp:term":[{"taxonomy":"category","embeddable":true,"href":"https:\/\/zonaroja.com.mx\/index.php?rest_route=%2Fwp%2Fv2%2Fcategories&post=30732"},{"taxonomy":"post_tag","embeddable":true,"href":"https:\/\/zonaroja.com.mx\/index.php?rest_route=%2Fwp%2Fv2%2Ftags&post=30732"}],"curies":[{"name":"wp","href":"https:\/\/api.w.org\/{rel}","templated":true}]}}