{"id":30739,"date":"2021-08-10T07:43:34","date_gmt":"2021-08-10T12:43:34","guid":{"rendered":"http:\/\/www.zonaroja.com.mx\/?p=30739"},"modified":"2021-08-10T07:43:37","modified_gmt":"2021-08-10T12:43:37","slug":"tras-crisis-eligen-a-presidente-interino-de-tribunal-electoral-federal","status":"publish","type":"post","link":"https:\/\/zonaroja.com.mx\/?p=30739","title":{"rendered":"Tras crisis, eligen a presidente interino de Tribunal Electoral federal"},"content":{"rendered":"\n<p>Redacci\u00f3n\/Zona Roja Cdmx.<\/p>\n\n\n\n<p>Ciudad de M\u00e9xico, 10 de agosto de 2021.- Luego de una semana de crisis y unas horas sin titular, el Tribunal Electoral del Poder Judicial de la Federaci\u00f3n eligi\u00f3 a Felipe Fuentes como presidente interino.<\/p>\n\n\n\n<p>Lo anterior, tras las renuncias de Reyes Rodr\u00edguez y Jos\u00e9 Luis Vargas, el primero en sustituci\u00f3n del segundo, que a su vez fue destituido la semana pasada en sesi\u00f3n del pleno, por mayor\u00eda de votos.<\/p>\n\n\n\n<p>En un comunicado emitido la madrugada de hoy, dio a conocer que los magistrados Rodr\u00edguez Mondrag\u00f3n y Vargas Valdez presentaron sus respectivas renuncias a la Presidencia de la Sala Superior.<\/p>\n\n\n\n<p>En sesi\u00f3n privada, las magistradas y los magistrados que integran el Pleno de la Sala Superior aprobaron tres puntos. En primer sentido, tener por presentadas las renuncias de ambos magistrados.<\/p>\n\n\n\n<p>Y, en segundo sentido, acordaron nombrar al magistrado Felipe Alfredo Fuentes Barrera como presidente, por ministerio de ley, de la Sala Superior del TEPJF hasta el 1 de septiembre.<\/p>\n\n\n\n<p>El 1 de septiembre, como tercer punto acordado, se emitir\u00e1 la convocatoria para designar una nueva titularidad en la Presidencia de la Sala Superior del TEPJF.<\/p>\n\n\n\n<p>El magistrado Jos\u00e9 Luis Vargas present\u00f3 este lunes su renuncia como presidente de la Sala Superior del Tribunal Electoral del Poder Judicial de la Federaci\u00f3n para que \u201chaya una renovaci\u00f3n legal y leg\u00edtima de la presidencia\u201d.<\/p>\n\n\n\n<p>Vargas renunci\u00f3 al cargo luego de horas antes el magistrado Reyes Rodr\u00edguez Mondrag\u00f3n, tambi\u00e9n declin\u00f3 el nombramiento que el pasado mi\u00e9rcoles le otorg\u00f3 la mayor\u00eda de los magistrados y con ello ambos optaron por una salida pol\u00edtica y jur\u00eddica a la crisis que vive la instituci\u00f3n, que ahora tendr\u00e1 a un presidente interino.<\/p>\n\n\n\n<p>El mi\u00e9rcoles pasado, cinco de los siete magistrados del Tribunal Electoral plantearon en plena sesi\u00f3n valorar la gesti\u00f3n de Vargas al frente del tribunal.<\/p>\n\n\n\n<p>Vargas denunci\u00f3 un \u201cgolpe de Estado\u201d en su contra y suspendi\u00f3 la sesi\u00f3n, pero los cinco magistrados se reunieron a parte y nombraron a Reyes Rodr\u00edguez Mondrag\u00f3n como nuevo presidente del Tribunal Electoral.<\/p>\n\n\n\n<p>(Con informaci\u00f3n de L\u00f3pez D\u00f3riga Digital)<\/p>\n","protected":false},"excerpt":{"rendered":"<p>Redacci\u00f3n\/Zona Roja Cdmx. Ciudad de M\u00e9xico, 10 de agosto de 2021.- Luego de una semana&hellip;<\/p>\n","protected":false},"author":2,"featured_media":30740,"comment_status":"closed","ping_status":"open","sticky":false,"template":"","format":"standard","meta":{"_lmt_disableupdate":"","_lmt_disable":"","_jetpack_memberships_contains_paid_content":false,"footnotes":""},"categories":[109,47],"tags":[2844],"class_list":["post-30739","post","type-post","status-publish","format-standard","has-post-thumbnail","hentry","category-minuto-a-minuto","category-zona-gris","tag-tribunal-electoral-del-poder-judicial-de-la-federacion-tepjf"],"jetpack_featured_media_url":"https:\/\/zonaroja.com.mx\/wp-content\/uploads\/2021\/08\/Magistrado-Felipe-Fuentes-Barrera.jpg","jetpack_sharing_enabled":true,"_links":{"self":[{"href":"https:\/\/zonaroja.com.mx\/index.php?rest_route=\/wp\/v2\/posts\/30739","targetHints":{"allow":["GET"]}}],"collection":[{"href":"https:\/\/zonaroja.com.mx\/index.php?rest_route=\/wp\/v2\/posts"}],"about":[{"href":"https:\/\/zonaroja.com.mx\/index.php?rest_route=\/wp\/v2\/types\/post"}],"author":[{"embeddable":true,"href":"https:\/\/zonaroja.com.mx\/index.php?rest_route=\/wp\/v2\/users\/2"}],"replies":[{"embeddable":true,"href":"https:\/\/zonaroja.com.mx\/index.php?rest_route=%2Fwp%2Fv2%2Fcomments&post=30739"}],"version-history":[{"count":1,"href":"https:\/\/zonaroja.com.mx\/index.php?rest_route=\/wp\/v2\/posts\/30739\/revisions"}],"predecessor-version":[{"id":30741,"href":"https:\/\/zonaroja.com.mx\/index.php?rest_route=\/wp\/v2\/posts\/30739\/revisions\/30741"}],"wp:featuredmedia":[{"embeddable":true,"href":"https:\/\/zonaroja.com.mx\/index.php?rest_route=\/wp\/v2\/media\/30740"}],"wp:attachment":[{"href":"https:\/\/zonaroja.com.mx\/index.php?rest_route=%2Fwp%2Fv2%2Fmedia&parent=30739"}],"wp:term":[{"taxonomy":"category","embeddable":true,"href":"https:\/\/zonaroja.com.mx\/index.php?rest_route=%2Fwp%2Fv2%2Fcategories&post=30739"},{"taxonomy":"post_tag","embeddable":true,"href":"https:\/\/zonaroja.com.mx\/index.php?rest_route=%2Fwp%2Fv2%2Ftags&post=30739"}],"curies":[{"name":"wp","href":"https:\/\/api.w.org\/{rel}","templated":true}]}}