{"id":30742,"date":"2021-08-10T08:01:25","date_gmt":"2021-08-10T13:01:25","guid":{"rendered":"http:\/\/www.zonaroja.com.mx\/?p=30742"},"modified":"2021-08-10T15:37:14","modified_gmt":"2021-08-10T20:37:14","slug":"hallan-dos-ejecutados-en-un-pozo-en-jurisdiccion-de-ocotlan-oaxaca","status":"publish","type":"post","link":"https:\/\/zonaroja.com.mx\/?p=30742","title":{"rendered":"Hallan dos ejecutados en un pozo en jurisdicci\u00f3n de Ocotl\u00e1n, Oaxaca"},"content":{"rendered":"\n<p>Redacci\u00f3n\/Zona Roja.<\/p>\n\n\n\n<p>Oaxaca de Ju\u00e1rez, Oax., 10 de agosto de 2021.- Los cuerpos de dos personas del sexo masculinos, presuntamente con signos de ejecuci\u00f3n, fueron hallados anoche en un pozo de agua en jurisdicci\u00f3n de Ocotl\u00e1n de Morelos, municipio de la regi\u00f3n Valles Centrales de Oaxaca.<\/p>\n\n\n\n<p>Fue en la localidad de La Chila\u00edta en que se report\u00f3 el hallazgo, alrededor de las 21:30 horas, por parte de campesinos de la zona, cercana a la sede de la Compa\u00f1\u00eda Minera Cuzcatl\u00e1n.<\/p>\n\n\n\n<p>Dicho pozo, de acuerdo con las primeras versiones, fue de prueba para la mina que se ubica en jurisdicci\u00f3n de San Jos\u00e9 del Progreso.<\/p>\n\n\n\n<p>Hasta la ma\u00f1ana de hoy, no hab\u00eda iniciado el proceso de rescate de los dos cuerpos, por lo cual se desconoce a\u00fan su identidad.<\/p>\n\n\n\n<p>Apenas el pasado fin de semana, fue ejecutado un individuo en San Jos\u00e9 del Progreso, Ocotl\u00e1n, y era originario del estado de Sinaloa.<\/p>\n","protected":false},"excerpt":{"rendered":"<p>Redacci\u00f3n\/Zona Roja. Oaxaca de Ju\u00e1rez, Oax., 10 de agosto de 2021.- Los cuerpos de dos&hellip;<\/p>\n","protected":false},"author":2,"featured_media":18319,"comment_status":"closed","ping_status":"open","sticky":false,"template":"","format":"standard","meta":{"_lmt_disableupdate":"","_lmt_disable":"","_jetpack_memberships_contains_paid_content":false,"footnotes":""},"categories":[109,51],"tags":[835],"class_list":["post-30742","post","type-post","status-publish","format-standard","has-post-thumbnail","hentry","category-minuto-a-minuto","category-zona-roja","tag-ocotlan-de-morelos"],"jetpack_featured_media_url":"https:\/\/zonaroja.com.mx\/wp-content\/uploads\/2020\/10\/Escena-del-crimen3.jpg","jetpack_sharing_enabled":true,"_links":{"self":[{"href":"https:\/\/zonaroja.com.mx\/index.php?rest_route=\/wp\/v2\/posts\/30742","targetHints":{"allow":["GET"]}}],"collection":[{"href":"https:\/\/zonaroja.com.mx\/index.php?rest_route=\/wp\/v2\/posts"}],"about":[{"href":"https:\/\/zonaroja.com.mx\/index.php?rest_route=\/wp\/v2\/types\/post"}],"author":[{"embeddable":true,"href":"https:\/\/zonaroja.com.mx\/index.php?rest_route=\/wp\/v2\/users\/2"}],"replies":[{"embeddable":true,"href":"https:\/\/zonaroja.com.mx\/index.php?rest_route=%2Fwp%2Fv2%2Fcomments&post=30742"}],"version-history":[{"count":2,"href":"https:\/\/zonaroja.com.mx\/index.php?rest_route=\/wp\/v2\/posts\/30742\/revisions"}],"predecessor-version":[{"id":30755,"href":"https:\/\/zonaroja.com.mx\/index.php?rest_route=\/wp\/v2\/posts\/30742\/revisions\/30755"}],"wp:featuredmedia":[{"embeddable":true,"href":"https:\/\/zonaroja.com.mx\/index.php?rest_route=\/wp\/v2\/media\/18319"}],"wp:attachment":[{"href":"https:\/\/zonaroja.com.mx\/index.php?rest_route=%2Fwp%2Fv2%2Fmedia&parent=30742"}],"wp:term":[{"taxonomy":"category","embeddable":true,"href":"https:\/\/zonaroja.com.mx\/index.php?rest_route=%2Fwp%2Fv2%2Fcategories&post=30742"},{"taxonomy":"post_tag","embeddable":true,"href":"https:\/\/zonaroja.com.mx\/index.php?rest_route=%2Fwp%2Fv2%2Ftags&post=30742"}],"curies":[{"name":"wp","href":"https:\/\/api.w.org\/{rel}","templated":true}]}}