{"id":30744,"date":"2021-08-10T08:25:27","date_gmt":"2021-08-10T13:25:27","guid":{"rendered":"http:\/\/www.zonaroja.com.mx\/?p=30744"},"modified":"2021-08-10T08:25:32","modified_gmt":"2021-08-10T13:25:32","slug":"ante-ola-de-covid-intensifican-sanitizacion-de-transporte-publico-en-oaxaca","status":"publish","type":"post","link":"https:\/\/zonaroja.com.mx\/?p=30744","title":{"rendered":"Ante ola de Covid, intensifican sanitizaci\u00f3n de transporte p\u00fablico en Oaxaca"},"content":{"rendered":"\n<p>Redacci\u00f3n\/Zona Roja.<\/p>\n\n\n\n<p>Oaxaca de Ju\u00e1rez, Oax., 10 de agosto de 2021.- Ante la creciente ola de contagios de Covid-19, la Secretar\u00eda de Movilidad intensific\u00f3 las acciones para impulsar acciones de higiene en el transporte p\u00fablico.<\/p>\n\n\n\n<p>Por tercera ocasi\u00f3n en menos de dos semanas, lleva a cabo este martes una actividad masiva, ahora en el crucero de la carretera federal 190, Oaxaca-Istmo, con la v\u00eda hacia la regi\u00f3n Cuenca, en coordinaci\u00f3n con la Polic\u00eda Vial, dependiente de la Secretar\u00eda de Seguridad P\u00fablica.<\/p>\n\n\n\n<p>Ah\u00ed, detuvieron las unidades, bajaron el pasaje y sanitizaron las unidades, principalmente taxis colectivos, camiones de pasajeros y camionetas.<\/p>\n\n\n\n<p>La v\u00edspera, el secretario de Movilidad, Arturo L\u00f3pez Sorroza, hizo un llamado general a las y los usuarios del transporte p\u00fablico en sus diferentes modalidades, a que hagan uso responsable de las unidades y en todo momento utilicen el cubrebocas y guarden la sana distancia.<\/p>\n\n\n\n<p>Asimismo, convoc\u00f3 a los operadores y concesionarios a continuar trabajando con responsabilidad, utilizando cubrebocas y respetando la ocupaci\u00f3n no mayor al 50% de las unidades, protegiendo as\u00ed su salud y la de los usuarios.<\/p>\n\n\n\n<p>En este marco, inform\u00f3 que, a partir del pasado viernes 6 de agosto, la Semovi reforz\u00f3 las jornadas de sanitizaci\u00f3n de veh\u00edculos del transporte p\u00fablico a trav\u00e9s de filtros sanitarios que se implementan en coordinaci\u00f3n con personal de vectores de la Secretar\u00eda de Salud y la Polic\u00eda Vial, cuyo objetivo principal es la disminuci\u00f3n de contagios del virus y, con ello evitar una sobre ocupaci\u00f3n hospitalaria.<\/p>\n\n\n\n<p>L\u00f3pez Sorroza, se\u00f1al\u00f3 que, en esa misma fecha se instal\u00f3 el filtro sanitario en la Carretera al Aeropuerto, donde se realizaron labores de sanitizaci\u00f3n en m\u00e1s de 400 unidades.<\/p>\n\n\n\n<p>Adem\u00e1s, refiri\u00f3 que estas acciones forman parte de la primera fase de sanitizaci\u00f3n que se ha programado para llevarse a cabo en los accesos a la ciudad de Oaxaca, como son: Carretera Internacional 190 (Terminal Citybus Pueblo Nuevo), Carretera al Aeropuerto, Carretera Crist\u00f3bal Col\u00f3n (Monumento a Ju\u00e1rez) y Carretera a Santa Cruz Xoxocotl\u00e1n (Exgarita).<\/p>\n\n\n\n<p>Asimismo, mencion\u00f3 que en el presente a\u00f1o, se han sanitizado m\u00e1s de 4 mil 800 unidades del transporte p\u00fablico en las ocho regiones del estado.<\/p>\n","protected":false},"excerpt":{"rendered":"<p>Redacci\u00f3n\/Zona Roja. Oaxaca de Ju\u00e1rez, Oax., 10 de agosto de 2021.- Ante la creciente ola&hellip;<\/p>\n","protected":false},"author":2,"featured_media":30719,"comment_status":"closed","ping_status":"open","sticky":false,"template":"","format":"standard","meta":{"_lmt_disableupdate":"","_lmt_disable":"","_jetpack_memberships_contains_paid_content":false,"footnotes":""},"categories":[109,46],"tags":[2484],"class_list":["post-30744","post","type-post","status-publish","format-standard","has-post-thumbnail","hentry","category-minuto-a-minuto","category-zona-blanca","tag-secretaria-de-movilidad-semovi"],"jetpack_featured_media_url":"https:\/\/zonaroja.com.mx\/wp-content\/uploads\/2021\/08\/Sanitizacion-transporte-Oaxaca.jpg","jetpack_sharing_enabled":true,"_links":{"self":[{"href":"https:\/\/zonaroja.com.mx\/index.php?rest_route=\/wp\/v2\/posts\/30744","targetHints":{"allow":["GET"]}}],"collection":[{"href":"https:\/\/zonaroja.com.mx\/index.php?rest_route=\/wp\/v2\/posts"}],"about":[{"href":"https:\/\/zonaroja.com.mx\/index.php?rest_route=\/wp\/v2\/types\/post"}],"author":[{"embeddable":true,"href":"https:\/\/zonaroja.com.mx\/index.php?rest_route=\/wp\/v2\/users\/2"}],"replies":[{"embeddable":true,"href":"https:\/\/zonaroja.com.mx\/index.php?rest_route=%2Fwp%2Fv2%2Fcomments&post=30744"}],"version-history":[{"count":1,"href":"https:\/\/zonaroja.com.mx\/index.php?rest_route=\/wp\/v2\/posts\/30744\/revisions"}],"predecessor-version":[{"id":30745,"href":"https:\/\/zonaroja.com.mx\/index.php?rest_route=\/wp\/v2\/posts\/30744\/revisions\/30745"}],"wp:featuredmedia":[{"embeddable":true,"href":"https:\/\/zonaroja.com.mx\/index.php?rest_route=\/wp\/v2\/media\/30719"}],"wp:attachment":[{"href":"https:\/\/zonaroja.com.mx\/index.php?rest_route=%2Fwp%2Fv2%2Fmedia&parent=30744"}],"wp:term":[{"taxonomy":"category","embeddable":true,"href":"https:\/\/zonaroja.com.mx\/index.php?rest_route=%2Fwp%2Fv2%2Fcategories&post=30744"},{"taxonomy":"post_tag","embeddable":true,"href":"https:\/\/zonaroja.com.mx\/index.php?rest_route=%2Fwp%2Fv2%2Ftags&post=30744"}],"curies":[{"name":"wp","href":"https:\/\/api.w.org\/{rel}","templated":true}]}}