{"id":30749,"date":"2021-08-10T08:34:25","date_gmt":"2021-08-10T13:34:25","guid":{"rendered":"http:\/\/www.zonaroja.com.mx\/?p=30749"},"modified":"2021-08-10T08:34:28","modified_gmt":"2021-08-10T13:34:28","slug":"ante-la-cidh-intercambian-buenas-practicas-poderes-judiciales-de-oaxaca-y-peru","status":"publish","type":"post","link":"https:\/\/zonaroja.com.mx\/?p=30749","title":{"rendered":"Ante la CIDH intercambian buenas pr\u00e1cticas Poderes Judiciales de Oaxaca y Per\u00fa"},"content":{"rendered":"\n<p>Redacci\u00f3n\/Zona Roja.<\/p>\n\n\n\n<p>Oaxaca de Ju\u00e1rez, Oax., 10 de agosto de 2021.- A convocatoria de la Comisi\u00f3n Interamericana de Derechos Humanos (CIDH) y la Relator\u00eda sobre los Derechos de los Pueblos Ind\u00edgenas, que preside Antonia Urrejola, el titular del Poder Judicial del Estado de Oaxaca, magistrado Eduardo Pinacho S\u00e1nchez, acompa\u00f1ado del presidente de la Sala de Justicia Ind\u00edgena del Tribunal Superior de Justicia, magistrado Luis Enrique Cordero Aguilar, sostuvo una reuni\u00f3n de trabajo virtual con la Comisi\u00f3n de Justicia Intercultural del Poder Judicial de Per\u00fa.<\/p>\n\n\n\n<p>El objetivo del encuentro fue el intercambio de experiencias y conocimientos que contribuir\u00e1n a la preparaci\u00f3n del informe tem\u00e1tico sobre el derecho a la libre determinaci\u00f3n de los pueblos ind\u00edgenas de las Am\u00e9ricas que pr\u00f3ximamente publicar\u00e1 la CIDH, por lo cual lleva a cabo consultas entre diferentes naciones respecto a pr\u00e1cticas, obst\u00e1culos, desaf\u00edos, legislaci\u00f3n y jurisprudencia.<\/p>\n\n\n\n<p>En el caso de la Sala de Justicia Ind\u00edgena del Poder Judicial del Estado, se dieron a conocer la agenda judicial, los logros y avances entre los que se encuentran la atenci\u00f3n a cerca de 200 casos; la garant\u00eda de audiencia desde una perspectiva pluricultural; el reconocimiento del derecho de las comunidades originarias a que puedan obtener su Registro Federal de Contribuyentes (RFC) y los alcances sobre su libre determinaci\u00f3n y autonom\u00eda, entre otros.<\/p>\n\n\n\n<p>Ante el juez supremo titular de la Corte Suprema y presidente de la Comisi\u00f3n de Justicia Intercultural del Poder Judicial de Per\u00fa, V\u00edctor Roberto Prado Saldarriaga, el magistrado Pinacho S\u00e1nchez se refiri\u00f3 a los v\u00ednculos institucionales que han sentado las bases de colaboraci\u00f3n en este tema para fortalecer estrategias y contar con instrumentos te\u00f3rico-metodol\u00f3gicos, como el Protocolo para la Armonizaci\u00f3n y Coordinaci\u00f3n entre las jurisdicciones Estatal, Ind\u00edgena y Afromexicana.<\/p>\n\n\n\n<p>En su oportunidad, la presidenta de la Comisi\u00f3n Interamericana de Derechos Humanos (CIDH) y relatora sobre los Derechos de los Pueblos Ind\u00edgenas, reconoci\u00f3 y felicit\u00f3 la labor de la Sala de Justicia Ind\u00edgena del Tribunal Superior de Justicia de Oaxaca, cuyas aportaciones, dijo, son ejemplo para los jueces y operadores de justicia de otros pa\u00edses.<\/p>\n\n\n\n<p>En el conversatorio virtual, moderado por el doctor en Derecho, David Lobat\u00f3n, asesor legal de la Fundaci\u00f3n para el Debido Proceso, de parte de la Corte Suprema de Per\u00fa intervinieron por la Comisi\u00f3n de Justicia Intercultural, adem\u00e1s del juez supremo V\u00edctor Roberto Prado Saldarriaga, los magistrados Aldo Atarama Lonzoy, Hern\u00e1n Layme Y\u00e9pez, Wilber Bustamante del Castillo, P\u00e9rcida Luj\u00e1n Zuasnabar y el secretario t\u00e9cnico, V\u00edctor Javier Echevarr\u00eda Mej\u00eda. Se enlazaron tambi\u00e9n invitados especiales de otras naciones.<\/p>\n\n\n\n<p>Dicha Comisi\u00f3n de Justicia Intercultural cuenta con una Hoja de Ruta que contiene los compromisos inmediatos y acciones para fortalecer en los pr\u00f3ximos a\u00f1os la justicia intercultural, sin limitar los derechos constitucionales de los pueblos y propone la creaci\u00f3n e implementaci\u00f3n del Observatorio de Justicia Intercultural para el diagn\u00f3stico y seguimiento de los programas y acciones que resulten adecuados para la consolidaci\u00f3n de un enfoque intercultural de la justicia.<\/p>\n","protected":false},"excerpt":{"rendered":"<p>Redacci\u00f3n\/Zona Roja. Oaxaca de Ju\u00e1rez, Oax., 10 de agosto de 2021.- A convocatoria de la&hellip;<\/p>\n","protected":false},"author":2,"featured_media":30750,"comment_status":"closed","ping_status":"open","sticky":false,"template":"","format":"standard","meta":{"_lmt_disableupdate":"","_lmt_disable":"","_jetpack_memberships_contains_paid_content":false,"footnotes":""},"categories":[109,46],"tags":[223],"class_list":["post-30749","post","type-post","status-publish","format-standard","has-post-thumbnail","hentry","category-minuto-a-minuto","category-zona-blanca","tag-poder-judicial-de-oaxaca"],"jetpack_featured_media_url":"https:\/\/zonaroja.com.mx\/wp-content\/uploads\/2021\/08\/1-La-CIDH-convoco-al-Poder-Judicial-de-Oaxaca-a-una-reunion-virtual-sobre-justicia-indigena.jpg","jetpack_sharing_enabled":true,"_links":{"self":[{"href":"https:\/\/zonaroja.com.mx\/index.php?rest_route=\/wp\/v2\/posts\/30749","targetHints":{"allow":["GET"]}}],"collection":[{"href":"https:\/\/zonaroja.com.mx\/index.php?rest_route=\/wp\/v2\/posts"}],"about":[{"href":"https:\/\/zonaroja.com.mx\/index.php?rest_route=\/wp\/v2\/types\/post"}],"author":[{"embeddable":true,"href":"https:\/\/zonaroja.com.mx\/index.php?rest_route=\/wp\/v2\/users\/2"}],"replies":[{"embeddable":true,"href":"https:\/\/zonaroja.com.mx\/index.php?rest_route=%2Fwp%2Fv2%2Fcomments&post=30749"}],"version-history":[{"count":1,"href":"https:\/\/zonaroja.com.mx\/index.php?rest_route=\/wp\/v2\/posts\/30749\/revisions"}],"predecessor-version":[{"id":30751,"href":"https:\/\/zonaroja.com.mx\/index.php?rest_route=\/wp\/v2\/posts\/30749\/revisions\/30751"}],"wp:featuredmedia":[{"embeddable":true,"href":"https:\/\/zonaroja.com.mx\/index.php?rest_route=\/wp\/v2\/media\/30750"}],"wp:attachment":[{"href":"https:\/\/zonaroja.com.mx\/index.php?rest_route=%2Fwp%2Fv2%2Fmedia&parent=30749"}],"wp:term":[{"taxonomy":"category","embeddable":true,"href":"https:\/\/zonaroja.com.mx\/index.php?rest_route=%2Fwp%2Fv2%2Fcategories&post=30749"},{"taxonomy":"post_tag","embeddable":true,"href":"https:\/\/zonaroja.com.mx\/index.php?rest_route=%2Fwp%2Fv2%2Ftags&post=30749"}],"curies":[{"name":"wp","href":"https:\/\/api.w.org\/{rel}","templated":true}]}}