{"id":30753,"date":"2021-08-10T12:41:01","date_gmt":"2021-08-10T17:41:01","guid":{"rendered":"https:\/\/www.zonaroja.com.mx\/?p=30753"},"modified":"2021-08-10T12:41:05","modified_gmt":"2021-08-10T17:41:05","slug":"exigen-a-congreso-de-oaxaca-posicionarse-a-favor-de-la-vacunacion-en-menores-de-edad","status":"publish","type":"post","link":"https:\/\/zonaroja.com.mx\/?p=30753","title":{"rendered":"Exigen a Congreso de Oaxaca posicionarse a favor de la vacunaci\u00f3n en menores de edad"},"content":{"rendered":"\n<p class=\"MsoNormal\"><\/p>\n\n\n\n<p class=\"MsoNormal\">Evlin Arag\u00f3n\/Zona Roja.&nbsp;<\/p>\n\n\n\n<p class=\"MsoNormal\">Oaxaca de Ju\u00e1rez, Oax., 10 de agosto de 2021.-&nbsp;La abogada oaxaque\u00f1a y madre de familia Alma Franco solicit\u00f3 al Congreso local presentar un Punto de Acuerdo, a fin de exhortar al presidente de la Rep\u00fablica, Andr\u00e9s Manuel L\u00f3pez Obrador y al gobernador de Oaxaca, Alejandro Murat Hinojosa, para que autoricen la vacunaci\u00f3n contra la Covid-19 a j\u00f3venes de 12 a 18 a\u00f1os de edad.&nbsp;&nbsp;<\/p>\n\n\n\n<p class=\"MsoNormal\">\u201cEn mi car\u00e1cter de madre y ciudadana, present\u00e9 petici\u00f3n al Congreso, invocando derechos de los menores de 12 a 18 a\u00f1os, a ser inoculados contra la #Covid_19, con la vacuna Pfizer, \u00fanica autorizada en la #OMS, ante la desmesurable peligrosidad de enfermar de gravedad y hasta morir\u201d, cit\u00f3 en sus redes sociales.&nbsp;<\/p>\n\n\n\n<p class=\"MsoNormal\">Mediante un documento que reparti\u00f3 a la mayor\u00eda de legisladores, explic\u00f3 que la Comisi\u00f3n Federal para la Protecci\u00f3n contra Riesgos Sanitarios (Cofepris), autoriz\u00f3 la aplicaci\u00f3n de la vacuna anti Covid-19 de Pfizer\/BioNTech para este grupo etario por lo que no existe impedimento sanitario para no llevar a cabo la inmunizaci\u00f3n.&nbsp;<\/p>\n\n\n\n<p class=\"MsoNormal\">Detall\u00f3 que las y los menores de edad tienen derecho a disfrutar del m\u00e1s alto nivel posible a la vida y a la salud, sin discriminaci\u00f3n alguna y tener acceso a servicios para la prevenci\u00f3n de enfermedades epid\u00e9micas, derecho humano reconocido en las leyes locales y nacionales, as\u00ed como los tratados internacionales.&nbsp;&nbsp;<\/p>\n\n\n\n<p class=\"MsoNormal\">Por lo anterior, pidi\u00f3 &nbsp;a las y los legisladores que hagan el llamado a las autoridades de salud federales y estatales a fin de que se concrete la vacunaci\u00f3n de ni\u00f1as, ni\u00f1os y adolescentes de 12 a 18 a\u00f1os de edad, misma que permita reducir el riesgo de mortandad por la pandemia.&nbsp;&nbsp;<\/p>\n\n\n\n<p class=\"MsoNormal\">As\u00ed mismo, record\u00f3 a las autoridades, que son ellas, tanto a nivel municipal, estatal y nacional, las que deben adoptar medidas de acci\u00f3n positivas para garantizar el pleno goce y ejercicio de los derechos humanos que tienen todas las y los menores de edad.&nbsp;<\/p>\n\n\n\n<p class=\"MsoNormal\">Previamente, la tambi\u00e9n maestrante en el Sistema Acusatorio Adversarial, se pronunci\u00f3 a favor del regreso al sal\u00f3n de clase clases, siempre y cuando existan un proceso de vacunaci\u00f3n previo y las medidas sanitarias que permitan la sana convivencia entre menores de edad.&nbsp;&nbsp;<\/p>\n\n\n\n<p class=\"MsoNormal\">\u201cLos ni\u00f1os merecen en la medida de las posibilidades un desarrollo integral, derecho humano reconocido, ello implica interactuar con sus pares. Urge vacunaci\u00f3n al grupo etario de 12 a 18 a\u00f1os. El 24 de junio de 2021, fue aprobada la inoculaci\u00f3n a ni\u00f1os de esta edad con la Pfizer\u201d, refiri\u00f3.  <\/p>\n","protected":false},"excerpt":{"rendered":"<p>Evlin Arag\u00f3n\/Zona Roja.&nbsp; Oaxaca de Ju\u00e1rez, Oax., 10 de agosto de 2021.-&nbsp;La abogada oaxaque\u00f1a y&hellip;<\/p>\n","protected":false},"author":2,"featured_media":30752,"comment_status":"closed","ping_status":"open","sticky":false,"template":"","format":"standard","meta":{"_lmt_disableupdate":"","_lmt_disable":"","_jetpack_memberships_contains_paid_content":false,"footnotes":""},"categories":[109,47],"tags":[],"class_list":["post-30753","post","type-post","status-publish","format-standard","has-post-thumbnail","hentry","category-minuto-a-minuto","category-zona-gris"],"jetpack_featured_media_url":"https:\/\/zonaroja.com.mx\/wp-content\/uploads\/2021\/08\/img_5250.jpg","jetpack_sharing_enabled":true,"_links":{"self":[{"href":"https:\/\/zonaroja.com.mx\/index.php?rest_route=\/wp\/v2\/posts\/30753","targetHints":{"allow":["GET"]}}],"collection":[{"href":"https:\/\/zonaroja.com.mx\/index.php?rest_route=\/wp\/v2\/posts"}],"about":[{"href":"https:\/\/zonaroja.com.mx\/index.php?rest_route=\/wp\/v2\/types\/post"}],"author":[{"embeddable":true,"href":"https:\/\/zonaroja.com.mx\/index.php?rest_route=\/wp\/v2\/users\/2"}],"replies":[{"embeddable":true,"href":"https:\/\/zonaroja.com.mx\/index.php?rest_route=%2Fwp%2Fv2%2Fcomments&post=30753"}],"version-history":[{"count":1,"href":"https:\/\/zonaroja.com.mx\/index.php?rest_route=\/wp\/v2\/posts\/30753\/revisions"}],"predecessor-version":[{"id":30754,"href":"https:\/\/zonaroja.com.mx\/index.php?rest_route=\/wp\/v2\/posts\/30753\/revisions\/30754"}],"wp:featuredmedia":[{"embeddable":true,"href":"https:\/\/zonaroja.com.mx\/index.php?rest_route=\/wp\/v2\/media\/30752"}],"wp:attachment":[{"href":"https:\/\/zonaroja.com.mx\/index.php?rest_route=%2Fwp%2Fv2%2Fmedia&parent=30753"}],"wp:term":[{"taxonomy":"category","embeddable":true,"href":"https:\/\/zonaroja.com.mx\/index.php?rest_route=%2Fwp%2Fv2%2Fcategories&post=30753"},{"taxonomy":"post_tag","embeddable":true,"href":"https:\/\/zonaroja.com.mx\/index.php?rest_route=%2Fwp%2Fv2%2Ftags&post=30753"}],"curies":[{"name":"wp","href":"https:\/\/api.w.org\/{rel}","templated":true}]}}