{"id":30757,"date":"2021-08-10T16:28:45","date_gmt":"2021-08-10T21:28:45","guid":{"rendered":"https:\/\/www.zonaroja.com.mx\/?p=30757"},"modified":"2021-08-10T16:28:48","modified_gmt":"2021-08-10T21:28:48","slug":"a-balazos-y-con-violencia-transportistas-de-oaxaca-disputan-obra-publica","status":"publish","type":"post","link":"https:\/\/zonaroja.com.mx\/?p=30757","title":{"rendered":"A balazos y con violencia, transportistas de Oaxaca disputan obra p\u00fablica"},"content":{"rendered":"\n<p class=\"MsoNormal\">Evlin Arag\u00f3n\/Zona Roja.&nbsp;<\/p>\n\n\n\n<p class=\"MsoNormal\">Oaxaca de Ju\u00e1rez, Oax., 10 de agosto de 2021.- La pugna entre grupos de transportistas por la obra de ampliaci\u00f3n en la avenida S\u00edmbolos Patrios, en la zona conurbada de Oaxaca, deriv\u00f3 en actos vand\u00e1licos y la detonaci\u00f3n de armas de fuego, este martes por la ma\u00f1ana.  <\/p>\n\n\n\n<p class=\"MsoNormal\">Desde temprana hora, presuntos integrantes de la&nbsp;Confederaci\u00f3n Aut\u00f3noma de Trabajadores y Empleados de M\u00e9xico (CATEM), hicieron presencia en inmediaciones de la protesta que desde ayer realizan militantes de la&nbsp;Federaci\u00f3n Internacional de Trabajadores de Oaxaca (FITO) y Confederaci\u00f3n Internacional de Trabajadores (CIT), que aspiran a obtener el 50 por ciento de la obra en pugna.&nbsp;<\/p>\n\n\n\n<p class=\"MsoNormal\">En el lugar hicieron la detonaci\u00f3n de armas de fuego, lo cual qued\u00f3 registrado en un video difundido en las redes sociales en donde se pueden escuchar al menos cinco disparos al aire y personas corriendo en medio de la avenida.&nbsp;&nbsp;<\/p>\n\n\n\n<p class=\"MsoNormal\">Posteriormente vandalizaron diversas unidades de motor utilizadas para el traslado de material de construcci\u00f3n, que permanec\u00edan estacionadas en el lugar, como parte de la protesta que desde ayer llevan a cabo integrantes de la CIT-FITO.  <\/p>\n\n\n\n<p><div class=\"twitter-tweet\"><blockquote class=\"twitter-tweet\" data-lang=\"es\"><p lang=\"es\" dir=\"ltr\"><a href=\"https:\/\/twitter.com\/hashtag\/%C3%9AltimoMinuto?src=hash&amp;ref_src=twsrc%5Etfw\">#\u00daltimoMinuto<\/a> <br>Difunden video del momento en que sujetos armados disparan en contra de unidades de transporte de carga en la avenida S\u00edmbolos Patrios, colindan la de la ciudad de <a href=\"https:\/\/twitter.com\/hashtag\/Oaxaca?src=hash&amp;ref_src=twsrc%5Etfw\">#Oaxaca<\/a> con Santa Cruz Xoxocotl\u00e1n. <a href=\"https:\/\/t.co\/9x2gq4IsH3\">pic.twitter.com\/9x2gq4IsH3<\/a><\/p>&mdash; Zona Roja Oaxaca (@Zona_Roja_Oax) <a href=\"https:\/\/twitter.com\/Zona_Roja_Oax\/status\/1425139748306255872?ref_src=twsrc%5Etfw\">10 de agosto de 2021<\/a><\/blockquote><\/div><\/p>\n\n\n\n<p class=\"MsoNormal\">En otro video se pueden observar por lo menos cuatro unidades con las ventanas y parabrisas rotos, los vidrios cubriendo incluso el asiento del chofer, adem\u00e1s de las puertas abiertas tras ser forzadas.&nbsp;&nbsp;<\/p>\n\n\n\n<p class=\"MsoNormal\">De acuerdo con Hip\u00f3lito Rojas, dirigente de la CIT-FITO, luego de la protesta que iniciaron el d\u00eda de ayer, el titular del Secretariado Ejecutivo del Sistema Estatal de Seguridad P\u00fablica, Jos\u00e9 Manuel Vera Salinas, lo amenaz\u00f3 y trat\u00f3 de intimidarlo para dar fin a la manifestaci\u00f3n.&nbsp;&nbsp;&nbsp;<\/p>\n\n\n\n<p class=\"MsoNormal\">\u201cSu llamada fue de amenazas, yo no s\u00e9 si as\u00ed trabaja \u00e9l amenazando e intimidando. Yo le dije que las cosas no eran as\u00ed, las cosas en la actualidad son de di\u00e1logo, de consenso y de llegar a acuerdos\u201d, dijo en entrevista.&nbsp;&nbsp;<\/p>\n\n\n\n<p class=\"MsoNormal\">Por lo anterior y ante la insistencia de la amenaza por parte del funcionario, Hip\u00f3lito Rojas responsabiliz\u00f3 de los hechos registradoseste martes&nbsp;a Jos\u00e9 Manuel Vera Salinas a quien adem\u00e1s atribuy\u00f3 posibles da\u00f1os que sufra la dirigencia, sus familiares, as\u00ed como los integrantes del gremio.&nbsp;&nbsp;<\/p>\n\n\n\n<p class=\"MsoNormal\">Tras la denuncia p\u00fablica, Hip\u00f3lito Rojas y Vera Salinas se reunieron en privado en un restaurante de la ciudad de Oaxaca -sin ser responsabilidad institucional de \u00e9ste-, pero tampoco llegaron a acuerdos favorables.&nbsp;<\/p>\n\n\n\n<p class=\"MsoNormal\">Fue antes del mediod\u00eda de&nbsp;este lunes&nbsp;que, decenas&nbsp;de transportistas adheridos a la agrupaci\u00f3n se instalaron en inmediaciones de la avenida S\u00edmbolos Patrios donde se lleva a cabo la ampliaci\u00f3n de carriles para exigir que la obra asignada en su totalidad a la CATEM sea compartida, tal y como sucede en otras que se llevan a cabo en Santa Rosa Panzacola, CityBus, Santa Cruz Amilpas, entre otras.&nbsp;&nbsp;&nbsp;<\/p>\n\n\n\n<p class=\"MsoNormal\">Y aunque al inicio de su protesta \u00fanicamente interrumpieron la circulaci\u00f3n en un carril, despu\u00e9s del mediod\u00eda bloquearon el crucero de Plaza del Valle, situaci\u00f3n que ocasion\u00f3 una afectaci\u00f3n considerable debido la cantidad de veh\u00edculos que transitan en la zona.   <\/p>\n","protected":false},"excerpt":{"rendered":"<p>Evlin Arag\u00f3n\/Zona Roja.&nbsp; Oaxaca de Ju\u00e1rez, Oax., 10 de agosto de 2021.- La pugna entre&hellip;<\/p>\n","protected":false},"author":2,"featured_media":30756,"comment_status":"closed","ping_status":"open","sticky":false,"template":"","format":"standard","meta":{"_lmt_disableupdate":"","_lmt_disable":"","_jetpack_memberships_contains_paid_content":false,"footnotes":""},"categories":[109,47],"tags":[1651],"class_list":["post-30757","post","type-post","status-publish","format-standard","has-post-thumbnail","hentry","category-minuto-a-minuto","category-zona-gris","tag-jose-manuel-vera-salinas"],"jetpack_featured_media_url":"https:\/\/zonaroja.com.mx\/wp-content\/uploads\/2021\/08\/1d7cc496-2675-4f12-a8cf-dc4d2bcfd68c.jpg","jetpack_sharing_enabled":true,"_links":{"self":[{"href":"https:\/\/zonaroja.com.mx\/index.php?rest_route=\/wp\/v2\/posts\/30757","targetHints":{"allow":["GET"]}}],"collection":[{"href":"https:\/\/zonaroja.com.mx\/index.php?rest_route=\/wp\/v2\/posts"}],"about":[{"href":"https:\/\/zonaroja.com.mx\/index.php?rest_route=\/wp\/v2\/types\/post"}],"author":[{"embeddable":true,"href":"https:\/\/zonaroja.com.mx\/index.php?rest_route=\/wp\/v2\/users\/2"}],"replies":[{"embeddable":true,"href":"https:\/\/zonaroja.com.mx\/index.php?rest_route=%2Fwp%2Fv2%2Fcomments&post=30757"}],"version-history":[{"count":1,"href":"https:\/\/zonaroja.com.mx\/index.php?rest_route=\/wp\/v2\/posts\/30757\/revisions"}],"predecessor-version":[{"id":30758,"href":"https:\/\/zonaroja.com.mx\/index.php?rest_route=\/wp\/v2\/posts\/30757\/revisions\/30758"}],"wp:featuredmedia":[{"embeddable":true,"href":"https:\/\/zonaroja.com.mx\/index.php?rest_route=\/wp\/v2\/media\/30756"}],"wp:attachment":[{"href":"https:\/\/zonaroja.com.mx\/index.php?rest_route=%2Fwp%2Fv2%2Fmedia&parent=30757"}],"wp:term":[{"taxonomy":"category","embeddable":true,"href":"https:\/\/zonaroja.com.mx\/index.php?rest_route=%2Fwp%2Fv2%2Fcategories&post=30757"},{"taxonomy":"post_tag","embeddable":true,"href":"https:\/\/zonaroja.com.mx\/index.php?rest_route=%2Fwp%2Fv2%2Ftags&post=30757"}],"curies":[{"name":"wp","href":"https:\/\/api.w.org\/{rel}","templated":true}]}}