{"id":30763,"date":"2021-08-10T19:11:51","date_gmt":"2021-08-11T00:11:51","guid":{"rendered":"http:\/\/www.zonaroja.com.mx\/?p=30763"},"modified":"2021-08-10T19:11:55","modified_gmt":"2021-08-11T00:11:55","slug":"no-cesan-protestas-en-los-sso-y-dependencia-responde-con-despidos","status":"publish","type":"post","link":"https:\/\/zonaroja.com.mx\/?p=30763","title":{"rendered":"No cesan protestas en los SSO\u2026 y dependencia responde con despidos"},"content":{"rendered":"\n<p>Redacci\u00f3n\/Zona Roja.<\/p>\n\n\n\n<p>Oaxaca de Ju\u00e1rez, Oax., 10 de agosto de 2021.- Los conflictos en los Servicios de Salud de Oaxaca (SSO) no cesan, ante la ausencia del titular, Juan Carlos M\u00e1rquez Heine.<\/p>\n\n\n\n<p>Este martes de nueva cuenta sindicalizados cerraron oficinas administrativas, mientras que la dependencia determin\u00f3 finiquitar contratos laborales, pese a la pandemia por Covid-19.<\/p>\n\n\n\n<p>Por la ma\u00f1ana, trabajadores del Frente Nacional de Trabajadores de Salud en la Rep\u00fablica Mexicana, secci\u00f3n Oaxaca, se apoderaron de las oficinas de la instituci\u00f3n, ubicadas en la calle Heroico Colegio Militar, colonia Reforma.<\/p>\n\n\n\n<p>De acuerdo con Nadia Mart\u00ednez Esperanza, secretaria de Organizaci\u00f3n del gremio, ello en protesta por el despido de alrededor de mil 200 trabajadores de contrato, con lo cual un n\u00famero similar de familias se quedar\u00e1n sin ingresos.<\/p>\n\n\n\n<p>Adem\u00e1s, exigen el reconocimiento oficial en la entidad de este gremio, que ya cuenta con su registro nacional.<\/p>\n\n\n\n<p>Adem\u00e1s, la autorizaci\u00f3n de un movimiento escalafonario a favor de uno de los sindicalizados, en Tuxtepec, ya que por presuntos actos de corrupci\u00f3n, se lo dieron a otro gremio.<\/p>\n\n\n\n<p>Por otra parte, otro grupo de trabajadores denunci\u00f3 la falta de equipos de protecci\u00f3n para la atenci\u00f3n de la pandemia, as\u00ed como falta de pagos del Fondo de Ahorro Estatal Capitalizable (FAEC), y pago de sueldos a trabajadores de la empresa Seglim, quienes brindan los servicios de limpieza y seguridad en las distintas unidades m\u00e9dicas y oficinas administrativas.<\/p>\n\n\n\n<p>Sobre los despidos, de acuerdo con un documento emitido por la Direcci\u00f3n de Administraci\u00f3n de los Servicios de Salud de Oaxaca, a cargo de Ricardo Javier P\u00e1ez L\u00f3pez, dicha determinaci\u00f3n responde a la falta de solvencia presupuestal en el Ejercicio Fiscal 2021.<\/p>\n","protected":false},"excerpt":{"rendered":"<p>Redacci\u00f3n\/Zona Roja. Oaxaca de Ju\u00e1rez, Oax., 10 de agosto de 2021.- Los conflictos en los&hellip;<\/p>\n","protected":false},"author":2,"featured_media":30764,"comment_status":"closed","ping_status":"open","sticky":false,"template":"","format":"standard","meta":{"_lmt_disableupdate":"","_lmt_disable":"","_jetpack_memberships_contains_paid_content":false,"footnotes":""},"categories":[109,47],"tags":[1005],"class_list":["post-30763","post","type-post","status-publish","format-standard","has-post-thumbnail","hentry","category-minuto-a-minuto","category-zona-gris","tag-servicios-de-salud-de-oaxaca-sso"],"jetpack_featured_media_url":"https:\/\/zonaroja.com.mx\/wp-content\/uploads\/2021\/08\/Protesta-y-paro-Servicios-de-Salud.jpg","jetpack_sharing_enabled":true,"_links":{"self":[{"href":"https:\/\/zonaroja.com.mx\/index.php?rest_route=\/wp\/v2\/posts\/30763","targetHints":{"allow":["GET"]}}],"collection":[{"href":"https:\/\/zonaroja.com.mx\/index.php?rest_route=\/wp\/v2\/posts"}],"about":[{"href":"https:\/\/zonaroja.com.mx\/index.php?rest_route=\/wp\/v2\/types\/post"}],"author":[{"embeddable":true,"href":"https:\/\/zonaroja.com.mx\/index.php?rest_route=\/wp\/v2\/users\/2"}],"replies":[{"embeddable":true,"href":"https:\/\/zonaroja.com.mx\/index.php?rest_route=%2Fwp%2Fv2%2Fcomments&post=30763"}],"version-history":[{"count":1,"href":"https:\/\/zonaroja.com.mx\/index.php?rest_route=\/wp\/v2\/posts\/30763\/revisions"}],"predecessor-version":[{"id":30765,"href":"https:\/\/zonaroja.com.mx\/index.php?rest_route=\/wp\/v2\/posts\/30763\/revisions\/30765"}],"wp:featuredmedia":[{"embeddable":true,"href":"https:\/\/zonaroja.com.mx\/index.php?rest_route=\/wp\/v2\/media\/30764"}],"wp:attachment":[{"href":"https:\/\/zonaroja.com.mx\/index.php?rest_route=%2Fwp%2Fv2%2Fmedia&parent=30763"}],"wp:term":[{"taxonomy":"category","embeddable":true,"href":"https:\/\/zonaroja.com.mx\/index.php?rest_route=%2Fwp%2Fv2%2Fcategories&post=30763"},{"taxonomy":"post_tag","embeddable":true,"href":"https:\/\/zonaroja.com.mx\/index.php?rest_route=%2Fwp%2Fv2%2Ftags&post=30763"}],"curies":[{"name":"wp","href":"https:\/\/api.w.org\/{rel}","templated":true}]}}