{"id":30768,"date":"2021-08-10T20:54:17","date_gmt":"2021-08-11T01:54:17","guid":{"rendered":"http:\/\/www.zonaroja.com.mx\/?p=30768"},"modified":"2021-08-10T20:54:20","modified_gmt":"2021-08-11T01:54:20","slug":"mientras-seccion-59-dice-si-a-las-aulas-seccion-22-rechaza-clases-presenciales","status":"publish","type":"post","link":"https:\/\/zonaroja.com.mx\/?p=30768","title":{"rendered":"Mientras Secci\u00f3n 59 dice s\u00ed a las aulas, Secci\u00f3n 22 rechaza clases presenciales"},"content":{"rendered":"\n<p>Ismael Garc\u00eda M.\/Zona Roja.<\/p>\n\n\n\n<p>Oaxaca de Ju\u00e1rez, Oax., 10 de agosto de 2021.- La Secci\u00f3n 59 del Sindicato Nacional de Trabajadores de la Educaci\u00f3n (SNTE) se pronunci\u00f3 a favor del inicio del ciclo escolar de manera presencial.<\/p>\n\n\n\n<p>En tanto, el gremio mayoritario, la Secci\u00f3n 22, rechaz\u00f3 volver a las aulas, al considerar que Oaxaca \u201cvive una situaci\u00f3n muy complicada de salud; nuestra tarea y responsabilidad es poder atender el inicio del ciclo escolar 2021-2022\u201d, expuso el dirigente Eloy L\u00f3pez Hern\u00e1ndez.<\/p>\n\n\n\n<p>\u201cNo existen las condiciones para un regreso a clases de manera presencial, pese a la posici\u00f3n del gobierno federal. Como docentes y responsables de cada una de las secciones y contingentes, tenemos la radiograf\u00eda muy precisa en la cual estamos viviendo\u201d, dijo en un mensaje v\u00eda redes sociales.<\/p>\n\n\n\n<p>La postura de la Secci\u00f3n 22 fue tambi\u00e9n la de los integrantes de la Coordinadora Nacional de Trabajadores de la Educaci\u00f3n (CNTE), que por la ma\u00f1ana dieron una conferencia de prensa virtual, para dar a conocer su informe respecto a una consulta efectuada a padres de familia.<\/p>\n\n\n\n<p>Por su parte, en un comunicado de prensa, la Secci\u00f3n 59, que en la entidad dirige Ricardo Mosqueda Lagunes, inform\u00f3 que \u201cel regreso a clases se dar\u00e1 de forma coordinada con las autoridades, de manera responsable y comprometida\u201d.<\/p>\n\n\n\n<p>Lo anterior, dijo, como parte de la Jornada Nacional en Apoyo al Regreso Seguro a las Escuelas, impulsada por el SNTE, \u201ccuyo objetivo es un regreso ordenado, seguro, responsable y cuidadoso para garantizar la integridad de alumnos, alumnas y docentes\u201d.<\/p>\n\n\n\n<p>En su bolet\u00edn de prensa, agreg\u00f3 que mientras se define el regreso en Oaxaca, se generar\u00e1n las condiciones para volver de forma paulatina.<\/p>\n\n\n\n<p>El representante del Comit\u00e9 Ejecutivo Nacional del SNTE, &nbsp;Luis Alberto Salinas Cruz, hizo hincapi\u00e9 en el respaldo del SNTE a la iniciativa del Presidente de la Rep\u00fablica, para reemprender la tarea educativa, \u201cdebemos adaptarnos a esta nueva realidad porque el da\u00f1o al desarrollo educativo, a la salud emocional y mental de nuestros alumnos, est\u00e1 en juego\u201d, se\u00f1al\u00f3.<\/p>\n\n\n\n<p>Ambos informaron que al momento en que se d\u00e9 la instrucci\u00f3n para el regreso a clases, todas y todos los trabajadores deber\u00e1n volver a las aulas, en tanto que los alumnos podr\u00e1n volver de manera voluntaria.<\/p>\n","protected":false},"excerpt":{"rendered":"<p>Ismael Garc\u00eda M.\/Zona Roja. Oaxaca de Ju\u00e1rez, Oax., 10 de agosto de 2021.- La Secci\u00f3n&hellip;<\/p>\n","protected":false},"author":2,"featured_media":27592,"comment_status":"closed","ping_status":"open","sticky":false,"template":"","format":"standard","meta":{"_lmt_disableupdate":"","_lmt_disable":"","_jetpack_memberships_contains_paid_content":false,"footnotes":""},"categories":[109,47],"tags":[312],"class_list":["post-30768","post","type-post","status-publish","format-standard","has-post-thumbnail","hentry","category-minuto-a-minuto","category-zona-gris","tag-seccion-22-del-snte"],"jetpack_featured_media_url":"https:\/\/zonaroja.com.mx\/wp-content\/uploads\/2021\/05\/Clases-Campeche.jpg","jetpack_sharing_enabled":true,"_links":{"self":[{"href":"https:\/\/zonaroja.com.mx\/index.php?rest_route=\/wp\/v2\/posts\/30768","targetHints":{"allow":["GET"]}}],"collection":[{"href":"https:\/\/zonaroja.com.mx\/index.php?rest_route=\/wp\/v2\/posts"}],"about":[{"href":"https:\/\/zonaroja.com.mx\/index.php?rest_route=\/wp\/v2\/types\/post"}],"author":[{"embeddable":true,"href":"https:\/\/zonaroja.com.mx\/index.php?rest_route=\/wp\/v2\/users\/2"}],"replies":[{"embeddable":true,"href":"https:\/\/zonaroja.com.mx\/index.php?rest_route=%2Fwp%2Fv2%2Fcomments&post=30768"}],"version-history":[{"count":1,"href":"https:\/\/zonaroja.com.mx\/index.php?rest_route=\/wp\/v2\/posts\/30768\/revisions"}],"predecessor-version":[{"id":30769,"href":"https:\/\/zonaroja.com.mx\/index.php?rest_route=\/wp\/v2\/posts\/30768\/revisions\/30769"}],"wp:featuredmedia":[{"embeddable":true,"href":"https:\/\/zonaroja.com.mx\/index.php?rest_route=\/wp\/v2\/media\/27592"}],"wp:attachment":[{"href":"https:\/\/zonaroja.com.mx\/index.php?rest_route=%2Fwp%2Fv2%2Fmedia&parent=30768"}],"wp:term":[{"taxonomy":"category","embeddable":true,"href":"https:\/\/zonaroja.com.mx\/index.php?rest_route=%2Fwp%2Fv2%2Fcategories&post=30768"},{"taxonomy":"post_tag","embeddable":true,"href":"https:\/\/zonaroja.com.mx\/index.php?rest_route=%2Fwp%2Fv2%2Ftags&post=30768"}],"curies":[{"name":"wp","href":"https:\/\/api.w.org\/{rel}","templated":true}]}}