{"id":30770,"date":"2021-08-10T22:00:54","date_gmt":"2021-08-11T03:00:54","guid":{"rendered":"http:\/\/www.zonaroja.com.mx\/?p=30770"},"modified":"2021-08-10T22:01:01","modified_gmt":"2021-08-11T03:01:01","slug":"inician-en-oaxaca-busqueda-oficial-de-personas-pero-no-hay-presupuesto","status":"publish","type":"post","link":"https:\/\/zonaroja.com.mx\/?p=30770","title":{"rendered":"Inician en Oaxaca b\u00fasqueda oficial de personas\u2026 pero no hay presupuesto"},"content":{"rendered":"\n<p>Ismael Garc\u00eda M.\/Zona Roja.<\/p>\n\n\n\n<p>Oaxaca de Ju\u00e1rez, Oax., 10 de agosto de 2021.- Con el apoyo de \u201cSabuesos Guerreras\u201d Sinaloa, la Comisi\u00f3n Estatal de B\u00fasqueda de Personas y \u201cSabuesos Guerreras\u201d Oaxaca, inician ma\u00f1ana trabajos de campo para localizar sus familiares.<\/p>\n\n\n\n<p>Aunque, por seguridad, no se revel\u00f3 el sitio en que realizar\u00e1n las labores; la instituci\u00f3n, conformada hace un mes, no cuenta con presupuesto para desempe\u00f1ar sus tareas esenciales.<\/p>\n\n\n\n<p>\u201cLa Comisi\u00f3n es de reciente creaci\u00f3n; estamos haciendo la gesti\u00f3n, ya tenemos un presupuesto autorizado, pero a\u00fan no determinan; lo que hemos estado haciendo es trabajar con recursos propios, pero s\u00ed hemos estado haciendo b\u00fasquedas en vida, que es la finalidad primordial.<\/p>\n\n\n\n<p>\u201cTambi\u00e9n est\u00e1 el otro lado, el forense, que tenemos que ir al campo; la Comisi\u00f3n se est\u00e1 haciendo cargo de lo que le corresponde, lo que marca la ley y los protocolos; hemos estado realiz\u00e1ndolo con recursos propios, porque el recurso federal y estatal a\u00fan no nos lo otorgan\u201d, dijo la comisionada Edilberta Cruz Regino.<\/p>\n\n\n\n<p>Agreg\u00f3 que ya est\u00e1 autorizado, pero se requiere concluir la gesti\u00f3n para tener el presupuesto, que es para el equipamiento de la instituci\u00f3n; dijo que son aproximadamente 18 millones de pesos.<\/p>\n\n\n\n<figure class=\"wp-block-embed-twitter wp-block-embed is-type-rich is-provider-twitter\"><div class=\"wp-block-embed__wrapper\">\n<div class=\"twitter-tweet\"><blockquote class=\"twitter-tweet\" data-lang=\"es\"><p lang=\"es\" dir=\"ltr\"><a href=\"https:\/\/twitter.com\/hashtag\/%C3%9AltimoMinuto?src=hash&amp;ref_src=twsrc%5Etfw\">#\u00daltimoMinuto<\/a> <br>2. \u201cSabuesos Guerreras <a href=\"https:\/\/twitter.com\/hashtag\/Sinaloa?src=hash&amp;ref_src=twsrc%5Etfw\">#Sinaloa<\/a>\u201d y \u201cSabuesos Guerras <a href=\"https:\/\/twitter.com\/hashtag\/Oaxaca?src=hash&amp;ref_src=twsrc%5Etfw\">#Oaxaca<\/a>\u201d reiteraron su respaldo a la Comisionada Estatal de B\u00fasqueda de Personas Desaparecido, Edilberta Cruz Regino, en las labores que realiza. <a href=\"https:\/\/t.co\/EMlHFdu5OY\">pic.twitter.com\/EMlHFdu5OY<\/a><\/p>&mdash; Zona Roja Oaxaca (@Zona_Roja_Oax) <a href=\"https:\/\/twitter.com\/Zona_Roja_Oax\/status\/1425180128766689281?ref_src=twsrc%5Etfw\">10 de agosto de 2021<\/a><\/blockquote><\/div>\n<\/div><\/figure>\n\n\n\n<p>\u201cNo venimos a querer calentar la plaza, no venimos a querer buscar culpables, simplemente queremos encontrarlos y es la manera de nosotros trasmitirle a las compa\u00f1eras para que aprendan a buscar; cuando sean acompa\u00f1adas por la Comisi\u00f3n Estatal, sepan qu\u00e9 hacer\u201d, dijo la representante de Sinaloa, Mar\u00eda Isabel Cruz Bernal.<\/p>\n\n\n\n<p>Por su parte, la dirigente de \u201cSabuesos Guerreras\u201d Oaxaca, Martha Pablo Cruz, manifest\u00f3 que este a\u00f1o qued\u00f3 conformado este organismo civil en la entidad, con la finalidad de apoyar a las v\u00edctimas en la entidad y han respaldado todo el proceso para la elecci\u00f3n de la comisionada estatal.<\/p>\n\n\n\n<p>\u201cLo logramos, la tenemos ahora presente; tiene todo el apoyo de nosotros, pero tambi\u00e9n necesitamos que nos apoye; porque sin las familias no va a poder trabajar ella y nosotros tambi\u00e9n no podemos trabajar sin la Comisi\u00f3n\u201d.<\/p>\n\n\n\n<p>Expuso que Oaxaca era uno de los \u00faltimos estados que no contaba con ese \u00f3rgano institucional y ahora lo que sigue es trabajar para la b\u00fasqueda de alrededor de tres mil desaparecidos en poco m\u00e1s de dos d\u00e9cadas.<\/p>\n\n\n\n<p>\u201cTenemos que unirnos a nivel nacional porque lamentablemente s\u00ed tenemos desaparecidos; yo ignoraba que Oaxaca tuviera desaparecidos, tuvo que haberme pasado para darme cuenta hasta d\u00f3nde est\u00e1bamos de mal\u201d, manifest\u00f3.<\/p>\n","protected":false},"excerpt":{"rendered":"<p>Ismael Garc\u00eda M.\/Zona Roja. Oaxaca de Ju\u00e1rez, Oax., 10 de agosto de 2021.- Con el&hellip;<\/p>\n","protected":false},"author":2,"featured_media":30771,"comment_status":"closed","ping_status":"open","sticky":false,"template":"","format":"standard","meta":{"_lmt_disableupdate":"","_lmt_disable":"","_jetpack_memberships_contains_paid_content":false,"footnotes":""},"categories":[109,47],"tags":[2757],"class_list":["post-30770","post","type-post","status-publish","format-standard","has-post-thumbnail","hentry","category-minuto-a-minuto","category-zona-gris","tag-comision-estatal-de-busqueda-de-personas-desaparecidas-oaxaca"],"jetpack_featured_media_url":"https:\/\/zonaroja.com.mx\/wp-content\/uploads\/2021\/08\/Busqueda-de-personas-Oaxaca.jpg","jetpack_sharing_enabled":true,"_links":{"self":[{"href":"https:\/\/zonaroja.com.mx\/index.php?rest_route=\/wp\/v2\/posts\/30770","targetHints":{"allow":["GET"]}}],"collection":[{"href":"https:\/\/zonaroja.com.mx\/index.php?rest_route=\/wp\/v2\/posts"}],"about":[{"href":"https:\/\/zonaroja.com.mx\/index.php?rest_route=\/wp\/v2\/types\/post"}],"author":[{"embeddable":true,"href":"https:\/\/zonaroja.com.mx\/index.php?rest_route=\/wp\/v2\/users\/2"}],"replies":[{"embeddable":true,"href":"https:\/\/zonaroja.com.mx\/index.php?rest_route=%2Fwp%2Fv2%2Fcomments&post=30770"}],"version-history":[{"count":1,"href":"https:\/\/zonaroja.com.mx\/index.php?rest_route=\/wp\/v2\/posts\/30770\/revisions"}],"predecessor-version":[{"id":30772,"href":"https:\/\/zonaroja.com.mx\/index.php?rest_route=\/wp\/v2\/posts\/30770\/revisions\/30772"}],"wp:featuredmedia":[{"embeddable":true,"href":"https:\/\/zonaroja.com.mx\/index.php?rest_route=\/wp\/v2\/media\/30771"}],"wp:attachment":[{"href":"https:\/\/zonaroja.com.mx\/index.php?rest_route=%2Fwp%2Fv2%2Fmedia&parent=30770"}],"wp:term":[{"taxonomy":"category","embeddable":true,"href":"https:\/\/zonaroja.com.mx\/index.php?rest_route=%2Fwp%2Fv2%2Fcategories&post=30770"},{"taxonomy":"post_tag","embeddable":true,"href":"https:\/\/zonaroja.com.mx\/index.php?rest_route=%2Fwp%2Fv2%2Ftags&post=30770"}],"curies":[{"name":"wp","href":"https:\/\/api.w.org\/{rel}","templated":true}]}}