{"id":30779,"date":"2021-08-11T07:32:58","date_gmt":"2021-08-11T12:32:58","guid":{"rendered":"http:\/\/www.zonaroja.com.mx\/?p=30779"},"modified":"2021-08-11T07:33:01","modified_gmt":"2021-08-11T12:33:01","slug":"invita-poder-judicial-a-jornada-conmemorativa-por-20-anos-de-la-reforma-indigena","status":"publish","type":"post","link":"https:\/\/zonaroja.com.mx\/?p=30779","title":{"rendered":"Invita Poder Judicial a jornada conmemorativa por 20 a\u00f1os de la reforma ind\u00edgena"},"content":{"rendered":"\n<p>Redacci\u00f3n\/Zona Roja.<\/p>\n\n\n\n<p>Oaxaca de Ju\u00e1rez, Oax., 11 de agosto de 2021.- Los derechos de los pueblos ind\u00edgenas han formado parte de la agenda de compromisos de la actual administraci\u00f3n del Poder Judicial del Estado.<\/p>\n\n\n\n<p>Por ello, en el marco de los 20 a\u00f1os de la Reforma Constitucional en materia Ind\u00edgena, invita a las mesas de an\u00e1lisis y conferencia magistral que se llevar\u00e1n a cabo este 12 y 13 de agosto para visibilizar avances, retos, retrocesos y desaf\u00edos de este \u00e1mbito desde una visi\u00f3n jurisdiccional.<\/p>\n\n\n\n<p>Con la participaci\u00f3n de destacados especialistas, los conversatorios se realizar\u00e1n a trav\u00e9s de plataformas digitales y tienen como objetivo principal reflexionar sobre la situaci\u00f3n de nuestro pa\u00eds como una naci\u00f3n pluricultural, el r\u00e9gimen de aplicaci\u00f3n de los derechos de las personas y comunidades originarias, as\u00ed como en el reconocimiento de sus usos y costumbres ancestrales.<\/p>\n\n\n\n<p>El programa estar\u00e1 conformado por dos mesas de an\u00e1lisis, la primera titulada \u201c20 a\u00f1os sobre el derecho a la libre autodeterminaci\u00f3n\u201d, con la participaci\u00f3n de la senadora de la Rep\u00fablica por Oaxaca, Susana Harp Iturribar\u00eda; el magistrado Luis Enrique Cordero Aguilar, presidente de la Sala de Justicia Ind\u00edgena del Tribunal Superior de Justicia y la diputada federal Irma Juan Carlos, presidenta de la Comisi\u00f3n de Asuntos Ind\u00edgenas. El horario de transmisi\u00f3n ser\u00e1 a las 10:30 horas.<\/p>\n\n\n\n<p>En la segunda mesa denominada \u201cRetos de la reforma ind\u00edgena\u201d, programada a las 12: 30 horas, intervendr\u00e1n la abogada mixe y promotora de los derechos de las j\u00f3venes ind\u00edgenas, Elvira Pablo, miembro de Girls Not Brides; el doctor V\u00edctor Leonel Juan Mart\u00ednez, investigador de CIESAS Pac\u00edfico Sur y Juan Carlos Mart\u00ednez, Coordinador General de Planeaci\u00f3n, Investigaci\u00f3n y Evaluaci\u00f3n del Instituto Nacional de los Pueblos Ind\u00edgenas (INPI). Ambas se desarrollar\u00e1n el jueves 12 de agosto.<\/p>\n\n\n\n<p>El viernes 13 de agosto, a las 10:30 horas, tendr\u00e1 lugar la conferencia magistral \u201cLa nueva reforma en materia Ind\u00edgena\u201d, que ser\u00e1 impartida por el director general del Instituto Nacional de los Pueblos Ind\u00edgenas (INPI), Adelfo Regino Montes y presentada por el presidente del Tribunal Superior de Justicia del Estado, magistrado Eduardo Pinacho S\u00e1nchez.<\/p>\n\n\n\n<p>El camino para el reconocimiento de los derechos de los pueblos ind\u00edgenas no ha resultado f\u00e1cil debido a los obst\u00e1culos como el racismo y el monismo jur\u00eddico; por ello, el Poder Judicial del Estado sigue trabajando en estrategias que contribuyan a erradicar esta situaci\u00f3n, a trav\u00e9s de actividades y acciones que fomenten tanto la formaci\u00f3n como sensibilizaci\u00f3n sobre estos temas importantes no s\u00f3lo para la sociedad sino para la comunidad jur\u00eddica.<\/p>\n\n\n\n<p>La transmisi\u00f3n en vivo podr\u00e1 ser vista por las redes sociales oficiales del Tribunal Superior de Justicia del Estado y en las cuentas de Facebook @DerechosHumanosPJEO y @BUOuniversidad.<\/p>\n","protected":false},"excerpt":{"rendered":"<p>Redacci\u00f3n\/Zona Roja. Oaxaca de Ju\u00e1rez, Oax., 11 de agosto de 2021.- Los derechos de los&hellip;<\/p>\n","protected":false},"author":2,"featured_media":14549,"comment_status":"closed","ping_status":"open","sticky":false,"template":"","format":"standard","meta":{"_lmt_disableupdate":"","_lmt_disable":"","_jetpack_memberships_contains_paid_content":false,"footnotes":""},"categories":[109,46],"tags":[223],"class_list":["post-30779","post","type-post","status-publish","format-standard","has-post-thumbnail","hentry","category-minuto-a-minuto","category-zona-blanca","tag-poder-judicial-de-oaxaca"],"jetpack_featured_media_url":"https:\/\/zonaroja.com.mx\/wp-content\/uploads\/2020\/07\/01-TRIBUNAL.jpg","jetpack_sharing_enabled":true,"_links":{"self":[{"href":"https:\/\/zonaroja.com.mx\/index.php?rest_route=\/wp\/v2\/posts\/30779","targetHints":{"allow":["GET"]}}],"collection":[{"href":"https:\/\/zonaroja.com.mx\/index.php?rest_route=\/wp\/v2\/posts"}],"about":[{"href":"https:\/\/zonaroja.com.mx\/index.php?rest_route=\/wp\/v2\/types\/post"}],"author":[{"embeddable":true,"href":"https:\/\/zonaroja.com.mx\/index.php?rest_route=\/wp\/v2\/users\/2"}],"replies":[{"embeddable":true,"href":"https:\/\/zonaroja.com.mx\/index.php?rest_route=%2Fwp%2Fv2%2Fcomments&post=30779"}],"version-history":[{"count":1,"href":"https:\/\/zonaroja.com.mx\/index.php?rest_route=\/wp\/v2\/posts\/30779\/revisions"}],"predecessor-version":[{"id":30780,"href":"https:\/\/zonaroja.com.mx\/index.php?rest_route=\/wp\/v2\/posts\/30779\/revisions\/30780"}],"wp:featuredmedia":[{"embeddable":true,"href":"https:\/\/zonaroja.com.mx\/index.php?rest_route=\/wp\/v2\/media\/14549"}],"wp:attachment":[{"href":"https:\/\/zonaroja.com.mx\/index.php?rest_route=%2Fwp%2Fv2%2Fmedia&parent=30779"}],"wp:term":[{"taxonomy":"category","embeddable":true,"href":"https:\/\/zonaroja.com.mx\/index.php?rest_route=%2Fwp%2Fv2%2Fcategories&post=30779"},{"taxonomy":"post_tag","embeddable":true,"href":"https:\/\/zonaroja.com.mx\/index.php?rest_route=%2Fwp%2Fv2%2Ftags&post=30779"}],"curies":[{"name":"wp","href":"https:\/\/api.w.org\/{rel}","templated":true}]}}