{"id":3078,"date":"2019-08-14T15:21:55","date_gmt":"2019-08-14T20:21:55","guid":{"rendered":"http:\/\/www.zonaroja.com.mx\/?p=3078"},"modified":"2019-08-14T16:07:22","modified_gmt":"2019-08-14T21:07:22","slug":"en-visita-de-amlo-a-oaxaca-otro-feminicidio-un-ejecutado-y-mas-asaltos","status":"publish","type":"post","link":"https:\/\/zonaroja.com.mx\/?p=3078","title":{"rendered":"En visita de AMLO a Oaxaca, otro feminicidio, un ejecutado y m\u00e1s asaltos"},"content":{"rendered":"\n<p>Redacci\u00f3n\/Zona\nRoja.<\/p>\n\n\n\n<p>Oaxaca de Ju\u00e1rez, Oax., 14 de agosto de 2019.- En el d\u00eda de la visita del Presidente de M\u00e9xico, Andr\u00e9s Manuel L\u00f3pez Obrador, fueron asesinadas dos personas, una de ellas mujer, en la regi\u00f3n del Istmo, mientras que en Valles Centrales se cometieron al menos tres asaltos violentos.<\/p>\n\n\n\n<p>El\nfeminicidio ocurri\u00f3 la ma\u00f1ana de hoy al interior de su domicilio ubicado en el\nBarrio de San Sebasti\u00e1n en Santo Domingo Tehuantepec, con lo que se incrementa\nla cifra de feminicidios a 334 en lo que va de la administraci\u00f3n de Alejandro\nMurat Hinojosa, de acuerdo con el conteo de Consorcio Oaxaca<\/p>\n\n\n\n<p>Seg\u00fan el\nreporte de elementos policiacos, lo agresores llegaron a la puerta de la casa\nde la v\u00edctima que respond\u00eda al nombre de Felipa L\u00f3pez y lograron darse a la\nfuga, previo al arribo de las autoridades seguridad y emergencia.<\/p>\n\n\n\n<p>En el mismo\nmunicipio pero por loa madrugada, un individuo fue ejecutado sobre la carretera\nfederal en el barrio Santa Mar\u00eda, hasta donde las autoridades policiacas\nhicieron presencia tras el reporte de automovilistas que transitaban por la\nzona.<\/p>\n\n\n\n<p>La v\u00edctima respond\u00eda al nombre de Arnoldo G. V. quien se comprob\u00f3 fue asesinado con arma de fuego, por lo que se iniciaron las investigaciones correspondientes.<\/p>\n\n\n\n<p>M\u00c1S ASALTOS<\/p>\n\n\n\n<p>Mientras que en la capital del estado, una joven estudiante fue asaltada en las inmediaciones de Centro de Estudios de Bachillerato Industrial y de Servicios, en la avenida San Felipe del Agua; fueron los propios alumnos que detuvieron a dos sujetos que luego entregaron a los polic\u00edas.<\/p>\n\n\n\n<p>Otro atraco ocurri\u00f3 sobre la avenida Fuerza A\u00e9rea Mexicana de la colonia Reforma, donde fue asaltada con violencia una negociaci\u00f3n; los empleados fueron encerrados en el ba\u00f1o mientras al menos dos delincuentes se apoderaron de dinero y mercanc\u00eda.<\/p>\n\n\n\n<figure class=\"wp-block-image\"><img decoding=\"async\" width=\"1024\" height=\"512\" src=\"http:\/\/www.zonaroja.com.mx\/wp-content\/uploads\/2019\/08\/PHOTO-2019-08-14-11-02-09-1024x512.jpg\" alt=\"\" class=\"wp-image-3079\" srcset=\"https:\/\/zonaroja.com.mx\/wp-content\/uploads\/2019\/08\/PHOTO-2019-08-14-11-02-09-1024x512.jpg 1024w, https:\/\/zonaroja.com.mx\/wp-content\/uploads\/2019\/08\/PHOTO-2019-08-14-11-02-09-300x150.jpg 300w, https:\/\/zonaroja.com.mx\/wp-content\/uploads\/2019\/08\/PHOTO-2019-08-14-11-02-09-768x384.jpg 768w, https:\/\/zonaroja.com.mx\/wp-content\/uploads\/2019\/08\/PHOTO-2019-08-14-11-02-09-585x293.jpg 585w, https:\/\/zonaroja.com.mx\/wp-content\/uploads\/2019\/08\/PHOTO-2019-08-14-11-02-09.jpg 1040w\" sizes=\"(max-width: 1024px) 100vw, 1024px\" \/><\/figure>\n\n\n\n<p>Durante la\nmadrugada, fue asaltado un negocio denominado \u201cSmart Shop\u201d, ubicado en\ninmediaciones del mercado \u201cPaz Migueles\u201d del Infonavit, colindante con la\ncolonia Volcanes, al norte de la capital.<\/p>\n\n\n\n<p>Tan s\u00f3lo el\nd\u00eda de ayer se registraron cuatro asaltos en la capital oaxaque\u00f1a, el primero\nen la colonia Reforma donde despojaron a una persona de 500 mil pesos a la\nsalida de una sucursal bancaria; el segundo en el fraccionamiento La Noria que\nsujetos en motocicleta robaron su celular a una mujer; &nbsp;el tercero y \u00faltimo en el estacionamiento de\nun centro comercial en la calzada Madero, al poniente de la capital, en donde\nincluso hubo detonaciones de armas de fuego; el cuarto a una papeler\u00eda en la\ncolonia Alem\u00e1n.<\/p>\n","protected":false},"excerpt":{"rendered":"<p>Redacci\u00f3n\/Zona Roja. Oaxaca de Ju\u00e1rez, Oax., 14 de agosto de 2019.- En el d\u00eda de&hellip;<\/p>\n","protected":false},"author":2,"featured_media":3080,"comment_status":"closed","ping_status":"open","sticky":false,"template":"","format":"standard","meta":{"_lmt_disableupdate":"","_lmt_disable":"","_jetpack_memberships_contains_paid_content":false,"footnotes":""},"categories":[109,51],"tags":[550],"class_list":["post-3078","post","type-post","status-publish","format-standard","has-post-thumbnail","hentry","category-minuto-a-minuto","category-zona-roja","tag-feminicidio-en-tehuantepec"],"jetpack_featured_media_url":"https:\/\/zonaroja.com.mx\/wp-content\/uploads\/2019\/08\/fem.jpg","jetpack_sharing_enabled":true,"_links":{"self":[{"href":"https:\/\/zonaroja.com.mx\/index.php?rest_route=\/wp\/v2\/posts\/3078","targetHints":{"allow":["GET"]}}],"collection":[{"href":"https:\/\/zonaroja.com.mx\/index.php?rest_route=\/wp\/v2\/posts"}],"about":[{"href":"https:\/\/zonaroja.com.mx\/index.php?rest_route=\/wp\/v2\/types\/post"}],"author":[{"embeddable":true,"href":"https:\/\/zonaroja.com.mx\/index.php?rest_route=\/wp\/v2\/users\/2"}],"replies":[{"embeddable":true,"href":"https:\/\/zonaroja.com.mx\/index.php?rest_route=%2Fwp%2Fv2%2Fcomments&post=3078"}],"version-history":[{"count":3,"href":"https:\/\/zonaroja.com.mx\/index.php?rest_route=\/wp\/v2\/posts\/3078\/revisions"}],"predecessor-version":[{"id":3084,"href":"https:\/\/zonaroja.com.mx\/index.php?rest_route=\/wp\/v2\/posts\/3078\/revisions\/3084"}],"wp:featuredmedia":[{"embeddable":true,"href":"https:\/\/zonaroja.com.mx\/index.php?rest_route=\/wp\/v2\/media\/3080"}],"wp:attachment":[{"href":"https:\/\/zonaroja.com.mx\/index.php?rest_route=%2Fwp%2Fv2%2Fmedia&parent=3078"}],"wp:term":[{"taxonomy":"category","embeddable":true,"href":"https:\/\/zonaroja.com.mx\/index.php?rest_route=%2Fwp%2Fv2%2Fcategories&post=3078"},{"taxonomy":"post_tag","embeddable":true,"href":"https:\/\/zonaroja.com.mx\/index.php?rest_route=%2Fwp%2Fv2%2Ftags&post=3078"}],"curies":[{"name":"wp","href":"https:\/\/api.w.org\/{rel}","templated":true}]}}