{"id":30787,"date":"2021-08-11T08:16:26","date_gmt":"2021-08-11T13:16:26","guid":{"rendered":"http:\/\/www.zonaroja.com.mx\/?p=30787"},"modified":"2021-08-11T08:16:31","modified_gmt":"2021-08-11T13:16:31","slug":"se-mantiene-oaxaca-en-sexto-lugar-en-decesos-de-menores-de-edad-por-covid","status":"publish","type":"post","link":"https:\/\/zonaroja.com.mx\/?p=30787","title":{"rendered":"Se mantiene Oaxaca en sexto lugar en decesos de menores de edad por Covid"},"content":{"rendered":"\n<p>Evlin Arag\u00f3n\/Zona Roja.<\/p>\n\n\n\n<p>Oaxaca de Ju\u00e1rez, Oax., 11 de agosto de 2021.- Una joven de 14 a\u00f1os de edad, originaria de Santa Mar\u00eda Tlahuiltoltepec y sin ning\u00fan padecimiento adicional, es la m\u00e1s reciente v\u00edctima de mortandad infantil y juvenil por Covid-19 en Oaxaca.<\/p>\n\n\n\n<p>A ella se suma otra adolescente de 16 a\u00f1os, originaria de Oaxaca de Ju\u00e1rez, con las cuales subi\u00f3 a 31 fallecimientos la cifra de acuerdo con los m\u00e1s recientes datos proporcionados por el Sistema de Protecci\u00f3n Integral de los Derechos de las Ni\u00f1as, Ni\u00f1os y Adolescentes (SIPINNA).<\/p>\n\n\n\n<p>En su m\u00e1s reciente reporte, la dependencia informa que la entidad oaxaque\u00f1a se mantiene el puesto n\u00famero seis de los estados con mayor n\u00famero de defunciones en este grupo etario, s\u00f3lo por debajo del Estado de M\u00e9xico, con 93; Baja California, con 44; Puebla y Nuevo Le\u00f3n, con 42 casos cada uno; Ciudad de M\u00e9xico, con 41; y Guanajuato, con 35.&nbsp;<\/p>\n\n\n\n<p>Al corte del 8 de agosto y con informaci\u00f3n de los Servicios de Salud, en la entidad oaxaque\u00f1a han fallecido 19 varones y 12 mujeres, 23 de los cuales est\u00e1n ubicado en el rango de 0 a 5 a\u00f1os; otros 3 en el de los 6 a 11 a\u00f1os; y cinco m\u00e1s adolescentes en el rango de 12 a 17 a\u00f1os.&nbsp;<\/p>\n\n\n\n<p>Los municipios donde se registraron los decesos son: Oaxaca de Ju\u00e1rez, con cuatro decesos; as\u00ed como San Pedro Pochutla, Santa Ana Zegache, Juchit\u00e1n de Zaragoza, y Santa Cruz Xoxocotl\u00e1n, con dos decesos cada una.&nbsp;&nbsp;<\/p>\n\n\n\n<p>De igual forma San Pedro Ixtlahuaca, Asunci\u00f3n Nochixtl\u00e1n, Santa Mar\u00eda Huatulco, Santa Catarina Mechoac\u00e1n, San Felipe Jalapa de D\u00edaz, Abejones, Magdalena Teitipac, Putla Villa de Guerrero, Salina Cruz, Santa Mar\u00eda Lachix\u00edo, Candelaria Loxicha, y Santo Domingo Tehuantepec.&nbsp;&nbsp;<\/p>\n\n\n\n<p>Mientras que los m\u00e1s recientes son: San Juan Bautista Atatlahuca, Santos Reyes Nopala, San Andr\u00e9s Solaga, Santa Mar\u00eda Colotepec, Santa Ana y Santa Mar\u00eda Tlahuiltoltepec.<\/p>\n\n\n\n<p>En t\u00e9rminos generales de incidencia, Oaxaca reporta un total de mil 441 casos positivos de SARS-CoV-2 en lo que va de la pandemia; 638 mujeres y 803 varones menores de edad.<\/p>\n\n\n\n<p>Adem\u00e1s de otros 113 casos sospechosos de Coronavirus; 40 mujeres y 73 varones, de acuerdo con la informaci\u00f3n oficial.&nbsp;<\/p>\n\n\n\n<p>Durante toda la pandemia, M\u00e9xico registra 60 mil 928 casos positivos en ni\u00f1as, ni\u00f1os y adolescentes, de las cuales 613 han fallecido.&nbsp;<\/p>\n","protected":false},"excerpt":{"rendered":"<p>Evlin Arag\u00f3n\/Zona Roja. Oaxaca de Ju\u00e1rez, Oax., 11 de agosto de 2021.- Una joven de&hellip;<\/p>\n","protected":false},"author":2,"featured_media":20382,"comment_status":"closed","ping_status":"open","sticky":false,"template":"","format":"standard","meta":{"_lmt_disableupdate":"","_lmt_disable":"","_jetpack_memberships_contains_paid_content":false,"footnotes":""},"categories":[109,47],"tags":[1512],"class_list":["post-30787","post","type-post","status-publish","format-standard","has-post-thumbnail","hentry","category-minuto-a-minuto","category-zona-gris","tag-coronavirus-oaxaca"],"jetpack_featured_media_url":"https:\/\/zonaroja.com.mx\/wp-content\/uploads\/2020\/11\/Menores-de-edad-Covid.jpg","jetpack_sharing_enabled":true,"_links":{"self":[{"href":"https:\/\/zonaroja.com.mx\/index.php?rest_route=\/wp\/v2\/posts\/30787","targetHints":{"allow":["GET"]}}],"collection":[{"href":"https:\/\/zonaroja.com.mx\/index.php?rest_route=\/wp\/v2\/posts"}],"about":[{"href":"https:\/\/zonaroja.com.mx\/index.php?rest_route=\/wp\/v2\/types\/post"}],"author":[{"embeddable":true,"href":"https:\/\/zonaroja.com.mx\/index.php?rest_route=\/wp\/v2\/users\/2"}],"replies":[{"embeddable":true,"href":"https:\/\/zonaroja.com.mx\/index.php?rest_route=%2Fwp%2Fv2%2Fcomments&post=30787"}],"version-history":[{"count":1,"href":"https:\/\/zonaroja.com.mx\/index.php?rest_route=\/wp\/v2\/posts\/30787\/revisions"}],"predecessor-version":[{"id":30788,"href":"https:\/\/zonaroja.com.mx\/index.php?rest_route=\/wp\/v2\/posts\/30787\/revisions\/30788"}],"wp:featuredmedia":[{"embeddable":true,"href":"https:\/\/zonaroja.com.mx\/index.php?rest_route=\/wp\/v2\/media\/20382"}],"wp:attachment":[{"href":"https:\/\/zonaroja.com.mx\/index.php?rest_route=%2Fwp%2Fv2%2Fmedia&parent=30787"}],"wp:term":[{"taxonomy":"category","embeddable":true,"href":"https:\/\/zonaroja.com.mx\/index.php?rest_route=%2Fwp%2Fv2%2Fcategories&post=30787"},{"taxonomy":"post_tag","embeddable":true,"href":"https:\/\/zonaroja.com.mx\/index.php?rest_route=%2Fwp%2Fv2%2Ftags&post=30787"}],"curies":[{"name":"wp","href":"https:\/\/api.w.org\/{rel}","templated":true}]}}