{"id":30789,"date":"2021-08-11T09:00:01","date_gmt":"2021-08-11T14:00:01","guid":{"rendered":"http:\/\/www.zonaroja.com.mx\/?p=30789"},"modified":"2021-08-11T09:00:04","modified_gmt":"2021-08-11T14:00:04","slug":"matan-a-otras-dos-personas-en-la-costa-fueron-en-total-tres-este-miercoles","status":"publish","type":"post","link":"https:\/\/zonaroja.com.mx\/?p=30789","title":{"rendered":"Matan a otras dos personas en la Costa; fueron en total tres este mi\u00e9rcoles"},"content":{"rendered":"\n<p>Redacci\u00f3n\/Zona Roja.<\/p>\n\n\n\n<p>Oaxaca de Ju\u00e1rez, Oax., 11 de agosto de 2021.- Tres personas fueron asesinadas a balazos este martes en la regi\u00f3n Costa de Oaxaca, en dos hechos distintos.<\/p>\n\n\n\n<p>El m\u00e1s reciente caso fue el municipio de Santiago Jamiltepec, en que fueron hallados dos cuerpos sin vida y con disparos de arma de fuego, en el camino a la localidad de Huichicata.<\/p>\n\n\n\n<p>De manera preliminar, las v\u00edctimas fueron identificadas como V\u00edctor P. M., de 27 a\u00f1os de edad, y Ericel E. G., de 20 a\u00f1os de edad, el primero originario de Jamiltepec y el segundo de la localidad &nbsp;Jos\u00e9 Mar\u00eda Morelos.<\/p>\n\n\n\n<p>Por otra parte, como se inform\u00f3, un individuo fue ultimado a balazos ayer poco despu\u00e9s del mediod\u00eda en Pinotepa Nacional, carretera a San Juan Cacahuatepec.<\/p>\n\n\n\n<p>La v\u00edctima respondi\u00f3 el vida al nombre de Margarito Gil, de 48 a\u00f1os de edad, quien horas antes hab\u00eda retirado una importante cantidad de dinero de una sucursal bancaria.<\/p>\n\n\n\n<p>En ambos casos hasta el momento no hay personas detenidas.<\/p>\n","protected":false},"excerpt":{"rendered":"<p>Redacci\u00f3n\/Zona Roja. Oaxaca de Ju\u00e1rez, Oax., 11 de agosto de 2021.- Tres personas fueron asesinadas&hellip;<\/p>\n","protected":false},"author":2,"featured_media":15591,"comment_status":"closed","ping_status":"open","sticky":false,"template":"","format":"standard","meta":{"_lmt_disableupdate":"","_lmt_disable":"","_jetpack_memberships_contains_paid_content":false,"footnotes":""},"categories":[109,51],"tags":[797],"class_list":["post-30789","post","type-post","status-publish","format-standard","has-post-thumbnail","hentry","category-minuto-a-minuto","category-zona-roja","tag-santiago-jamiltepec"],"jetpack_featured_media_url":"https:\/\/zonaroja.com.mx\/wp-content\/uploads\/2020\/07\/Escena-del-crimen-8.jpg","jetpack_sharing_enabled":true,"_links":{"self":[{"href":"https:\/\/zonaroja.com.mx\/index.php?rest_route=\/wp\/v2\/posts\/30789","targetHints":{"allow":["GET"]}}],"collection":[{"href":"https:\/\/zonaroja.com.mx\/index.php?rest_route=\/wp\/v2\/posts"}],"about":[{"href":"https:\/\/zonaroja.com.mx\/index.php?rest_route=\/wp\/v2\/types\/post"}],"author":[{"embeddable":true,"href":"https:\/\/zonaroja.com.mx\/index.php?rest_route=\/wp\/v2\/users\/2"}],"replies":[{"embeddable":true,"href":"https:\/\/zonaroja.com.mx\/index.php?rest_route=%2Fwp%2Fv2%2Fcomments&post=30789"}],"version-history":[{"count":1,"href":"https:\/\/zonaroja.com.mx\/index.php?rest_route=\/wp\/v2\/posts\/30789\/revisions"}],"predecessor-version":[{"id":30790,"href":"https:\/\/zonaroja.com.mx\/index.php?rest_route=\/wp\/v2\/posts\/30789\/revisions\/30790"}],"wp:featuredmedia":[{"embeddable":true,"href":"https:\/\/zonaroja.com.mx\/index.php?rest_route=\/wp\/v2\/media\/15591"}],"wp:attachment":[{"href":"https:\/\/zonaroja.com.mx\/index.php?rest_route=%2Fwp%2Fv2%2Fmedia&parent=30789"}],"wp:term":[{"taxonomy":"category","embeddable":true,"href":"https:\/\/zonaroja.com.mx\/index.php?rest_route=%2Fwp%2Fv2%2Fcategories&post=30789"},{"taxonomy":"post_tag","embeddable":true,"href":"https:\/\/zonaroja.com.mx\/index.php?rest_route=%2Fwp%2Fv2%2Ftags&post=30789"}],"curies":[{"name":"wp","href":"https:\/\/api.w.org\/{rel}","templated":true}]}}