{"id":30791,"date":"2021-08-11T15:58:26","date_gmt":"2021-08-11T20:58:26","guid":{"rendered":"http:\/\/www.zonaroja.com.mx\/?p=30791"},"modified":"2021-08-11T15:58:30","modified_gmt":"2021-08-11T20:58:30","slug":"urge-diputada-a-canciller-ebrad-defender-el-derecho-a-la-alimentacion-sostenible","status":"publish","type":"post","link":"https:\/\/zonaroja.com.mx\/?p=30791","title":{"rendered":"Urge diputada a canciller Ebrad defender el derecho a la alimentaci\u00f3n sostenible"},"content":{"rendered":"\n<p>Redacci\u00f3n\/Zona Roja.<\/p>\n\n\n\n<p>Oaxaca de Ju\u00e1rez, Oax. ,11 de agosto de 2021. A propuesta de la diputada Magaly L\u00f3pez Dom\u00ednguez, la 64 Legislatura aprob\u00f3 exhortar al secretario de Relaciones Exteriores de M\u00e9xico, Marcelo Ebrad&nbsp; Casaubob, para que defienda en la \u201cCumbre sobre los Sistemas Alimentarios\u201d, la&nbsp; instauraci\u00f3n de un sistema alimentario regenerativo, sostenible, equitativo, justo y saludable para enfrentar la profunda crisis civilizatoria que vive la humanidad.<\/p>\n\n\n\n<p>A trav\u00e9s de ello, se le solicita al funcionario federal que instruya al representante permanente de M\u00e9xico ante Naciones Unidas, Juan Ram\u00f3n de la Fuente para que&nbsp; en consecuencia con la pol\u00edtica sobre seguridad alimentaria del presidente Andr\u00e9s Manuel L\u00f3pez Obrador, el cuerpo diplom\u00e1tico mexicano pugne en la Cumbre sobre los Sistemas Alimentarios sostenibles e igualitarias para M\u00e9xico para que:<\/p>\n\n\n\n<p>&nbsp;El eje rector de las propuestas alimentarias para nuestro pa\u00eds sean los derechos humanos, en espec\u00edfico el derecho a la alimentaci\u00f3n, a la tierra, al territorio y al agua, as\u00ed como los derechos de las y los campesinos.<\/p>\n\n\n\n<p>Adem\u00e1s de que, la agroecolog\u00eda sea el principio central de los sistemas alimentarios en la Cumbre, estableciendo la ruta para el abandono de los agroqu\u00edmicos y que se desarrollen mecanismos para salvaguardar las pol\u00edticas sobre sistemas alimentarios frente al conflicto de inter\u00e9s y la captura corporativa.<\/p>\n\n\n\n<p>En este sentido se pide que se dise\u00f1en mecanismos e instrumentos con fuerza jur\u00eddica vinculantes para atribuir responsabilidad a la agroindustria y la industria alimentaria en caso de afectar los derechos humanos.<\/p>\n\n\n\n<p>Otro de las solicitudes es que los sistemas alimentarios sean un punto de partida para combatir la pobreza y la inequidad, asegurando medios de vida y trabajo digno para todas las personas involucradas.<\/p>\n\n\n\n<p>Tambi\u00e9n que los alimentos y bebidas ultraprocesados, f\u00f3rmulas l\u00e1cteas y su publicidad sean reguladas a nivel global, se pide que se&nbsp; reconozca la relaci\u00f3n directa entre los sistemas alimentarios, el cambio clim\u00e1tico y la salud de las personas y el planeta.<\/p>\n\n\n\n<p>Finalmente, que se promueva la educaci\u00f3n para la sustentabilidad de los sistemas alimentarios, con pertinencia cultural.<\/p>\n\n\n\n<p>&nbsp;En sus argumentos la legisladora por Morena indic\u00f3 que el&nbsp; eje rector del nuevo sistema alimentario deben ser los derechos humanos. Consider\u00f3 que la \u201cCumbre sobre los Sistemas Alimentarios \u201cdebe estar fundamentada en el derecho a la alimentaci\u00f3n, el derecho a la tierra, al territorio y al agua.<\/p>\n\n\n\n<p>As\u00ed como los derechos de las y los campesinos que producen los alimentos, las mujeres y los pueblos ind\u00edgenas, el derecho a la protecci\u00f3n de las semillas, los derechos de los consumidores, el derecho a saber c\u00f3mo se producen y qu\u00e9 contienen los alimentos.<\/p>\n","protected":false},"excerpt":{"rendered":"<p>Redacci\u00f3n\/Zona Roja. Oaxaca de Ju\u00e1rez, Oax. ,11 de agosto de 2021. A propuesta de la&hellip;<\/p>\n","protected":false},"author":2,"featured_media":30792,"comment_status":"closed","ping_status":"open","sticky":false,"template":"","format":"standard","meta":{"_lmt_disableupdate":"","_lmt_disable":"","_jetpack_memberships_contains_paid_content":false,"footnotes":""},"categories":[109,46],"tags":[192],"class_list":["post-30791","post","type-post","status-publish","format-standard","has-post-thumbnail","hentry","category-minuto-a-minuto","category-zona-blanca","tag-diputada-magaly-lopez-dominguez"],"jetpack_featured_media_url":"https:\/\/zonaroja.com.mx\/wp-content\/uploads\/2021\/08\/Diputada-Magaly-Lopez-1.jpeg","jetpack_sharing_enabled":true,"_links":{"self":[{"href":"https:\/\/zonaroja.com.mx\/index.php?rest_route=\/wp\/v2\/posts\/30791","targetHints":{"allow":["GET"]}}],"collection":[{"href":"https:\/\/zonaroja.com.mx\/index.php?rest_route=\/wp\/v2\/posts"}],"about":[{"href":"https:\/\/zonaroja.com.mx\/index.php?rest_route=\/wp\/v2\/types\/post"}],"author":[{"embeddable":true,"href":"https:\/\/zonaroja.com.mx\/index.php?rest_route=\/wp\/v2\/users\/2"}],"replies":[{"embeddable":true,"href":"https:\/\/zonaroja.com.mx\/index.php?rest_route=%2Fwp%2Fv2%2Fcomments&post=30791"}],"version-history":[{"count":1,"href":"https:\/\/zonaroja.com.mx\/index.php?rest_route=\/wp\/v2\/posts\/30791\/revisions"}],"predecessor-version":[{"id":30793,"href":"https:\/\/zonaroja.com.mx\/index.php?rest_route=\/wp\/v2\/posts\/30791\/revisions\/30793"}],"wp:featuredmedia":[{"embeddable":true,"href":"https:\/\/zonaroja.com.mx\/index.php?rest_route=\/wp\/v2\/media\/30792"}],"wp:attachment":[{"href":"https:\/\/zonaroja.com.mx\/index.php?rest_route=%2Fwp%2Fv2%2Fmedia&parent=30791"}],"wp:term":[{"taxonomy":"category","embeddable":true,"href":"https:\/\/zonaroja.com.mx\/index.php?rest_route=%2Fwp%2Fv2%2Fcategories&post=30791"},{"taxonomy":"post_tag","embeddable":true,"href":"https:\/\/zonaroja.com.mx\/index.php?rest_route=%2Fwp%2Fv2%2Ftags&post=30791"}],"curies":[{"name":"wp","href":"https:\/\/api.w.org\/{rel}","templated":true}]}}