{"id":30804,"date":"2021-08-11T19:53:33","date_gmt":"2021-08-12T00:53:33","guid":{"rendered":"http:\/\/www.zonaroja.com.mx\/?p=30804"},"modified":"2021-08-11T19:53:38","modified_gmt":"2021-08-12T00:53:38","slug":"incesantes-protestas-en-sso-ahora-hasta-de-personal-de-seguridad-y-limpieza","status":"publish","type":"post","link":"https:\/\/zonaroja.com.mx\/?p=30804","title":{"rendered":"Incesantes protestas en SSO, ahora hasta de personal de seguridad y limpieza"},"content":{"rendered":"\n<p>Evlin Arag\u00f3n\/Zona Roja.<\/p>\n\n\n\n<p>Oaxaca de Ju\u00e1rez, Oax., 11 de agosto de 2021.- El pago pendiente del Fondo de Ahorro Estatal Capitalizable a la base trabajadora del Hospital Civil \u201cDr. Aurelio Valdivieso\u201d estuvo a punto de ocasionar una nueva movilizaci\u00f3n por parte del personal; sin embargo, una reuni\u00f3n de \u00faltimo momento suspendi\u00f3 de manera temporal la actividad programa.&nbsp;<\/p>\n\n\n\n<p>Esta ma\u00f1ana se llev\u00f3 a cabo una reuni\u00f3n con representantes de los Servicios de Salud de Oaxaca (SSO), a fin de generar el acuerdo con respecto al pago pendiente, por lo que qued\u00f3 sin efecto la convocatoria firmada por la dirigencia sindical encabezadas por Alberto V\u00e1zquez San Germ\u00e1n y Aristeo Torres L\u00f3pez.&nbsp;<\/p>\n\n\n\n<p>Por otra parte, a las oficinas centrales de los SSO, ubicadas en la primera calle de J.P. Garc\u00eda, en el Centro Hist\u00f3rico, arribaron trabajadoras de la empresa Seguridad y Limpieza (Seglim) quienes denunciaron la falta de pago de una quincena.&nbsp;<\/p>\n\n\n\n<p>\u201cSeglim en paro hasta que nos paguen\u201d, \u201cLos trabajadores de este edificio apoyamos al personal de Seglim\u201d, \u201cPago inmediato al personal m\u00e1s vulnerable\u201d y \u201cEl salario es sagrado, exigimos pago al personal de Seglim\u201d, fueron parte de las consignas que se le\u00edan en las cartulinas colocadas en los accesos de las oficinas centrales.&nbsp;<\/p>\n\n\n\n<p>Mientras que, mediante un escueto comunicado, integrantes del Frente Nacional de Trabajadores de Salud en la Rep\u00fablica Mexicana, Secci\u00f3n Oaxaca, dieron a conocer que desde el martes 10 de agosto inici\u00f3 la notificaci\u00f3n del t\u00e9rmino de relaci\u00f3n laboral del personal de Contrato Eventual en las seis Jurisdicciones Sanitarias del Estado.<\/p>\n\n\n\n<p>Por lo anterior, solicitaron al personal no firmar de recibida la documentaci\u00f3n, a la par que anunciaron la instalaci\u00f3n de una mesa informativa este jueves, a partir de las once de la ma\u00f1ana, en la entrada de las instalaciones de la Direcci\u00f3n de Administraci\u00f3n, ubicadas en la colonia Reforma, para informar sobre las acciones legales a seguir.<\/p>\n\n\n\n<p>Dicho personal se manifest\u00f3 desde la ma\u00f1ana de ayer para solicitar el no despido de mil 200 empleados de contrato, as\u00ed mismo por el reconocimiento del gremio sindical que aseguran cuenta con toma de nota federal por lo que cuenta con la posibilidad de agremiar a personal en Oaxaca.&nbsp;<\/p>\n\n\n\n<p>Finalmente, pidieron respeto a la promoci\u00f3n escalafonaria de un agremiado de Tuxtepec, misma que arbitrariamente se le dio a un integrante de la secci\u00f3n 71 del SNTSA, debido a las corruptelas de la misma autoridad, con quienes pidieron una mesa de trabajo.&nbsp;<\/p>\n","protected":false},"excerpt":{"rendered":"<p>Evlin Arag\u00f3n\/Zona Roja. Oaxaca de Ju\u00e1rez, Oax., 11 de agosto de 2021.- El pago pendiente&hellip;<\/p>\n","protected":false},"author":2,"featured_media":30805,"comment_status":"closed","ping_status":"open","sticky":false,"template":"","format":"standard","meta":{"_lmt_disableupdate":"","_lmt_disable":"","_jetpack_memberships_contains_paid_content":false,"footnotes":""},"categories":[109,47],"tags":[1005],"class_list":["post-30804","post","type-post","status-publish","format-standard","has-post-thumbnail","hentry","category-minuto-a-minuto","category-zona-gris","tag-servicios-de-salud-de-oaxaca-sso"],"jetpack_featured_media_url":"https:\/\/zonaroja.com.mx\/wp-content\/uploads\/2021\/08\/Protestas-contra-servicios-de-salud-Oaxaca.jpg","jetpack_sharing_enabled":true,"_links":{"self":[{"href":"https:\/\/zonaroja.com.mx\/index.php?rest_route=\/wp\/v2\/posts\/30804","targetHints":{"allow":["GET"]}}],"collection":[{"href":"https:\/\/zonaroja.com.mx\/index.php?rest_route=\/wp\/v2\/posts"}],"about":[{"href":"https:\/\/zonaroja.com.mx\/index.php?rest_route=\/wp\/v2\/types\/post"}],"author":[{"embeddable":true,"href":"https:\/\/zonaroja.com.mx\/index.php?rest_route=\/wp\/v2\/users\/2"}],"replies":[{"embeddable":true,"href":"https:\/\/zonaroja.com.mx\/index.php?rest_route=%2Fwp%2Fv2%2Fcomments&post=30804"}],"version-history":[{"count":1,"href":"https:\/\/zonaroja.com.mx\/index.php?rest_route=\/wp\/v2\/posts\/30804\/revisions"}],"predecessor-version":[{"id":30806,"href":"https:\/\/zonaroja.com.mx\/index.php?rest_route=\/wp\/v2\/posts\/30804\/revisions\/30806"}],"wp:featuredmedia":[{"embeddable":true,"href":"https:\/\/zonaroja.com.mx\/index.php?rest_route=\/wp\/v2\/media\/30805"}],"wp:attachment":[{"href":"https:\/\/zonaroja.com.mx\/index.php?rest_route=%2Fwp%2Fv2%2Fmedia&parent=30804"}],"wp:term":[{"taxonomy":"category","embeddable":true,"href":"https:\/\/zonaroja.com.mx\/index.php?rest_route=%2Fwp%2Fv2%2Fcategories&post=30804"},{"taxonomy":"post_tag","embeddable":true,"href":"https:\/\/zonaroja.com.mx\/index.php?rest_route=%2Fwp%2Fv2%2Ftags&post=30804"}],"curies":[{"name":"wp","href":"https:\/\/api.w.org\/{rel}","templated":true}]}}