{"id":30807,"date":"2021-08-11T20:48:03","date_gmt":"2021-08-12T01:48:03","guid":{"rendered":"http:\/\/www.zonaroja.com.mx\/?p=30807"},"modified":"2021-08-11T20:48:12","modified_gmt":"2021-08-12T01:48:12","slug":"opinion-desmovilizar","status":"publish","type":"post","link":"https:\/\/zonaroja.com.mx\/?p=30807","title":{"rendered":"Opini\u00f3n. Desmovilizar"},"content":{"rendered":"\n<p>Gibr\u00e1n Ram\u00edrez Reyes*<\/p>\n\n\n\n<p>M\u00e1s all\u00e1 del ejercicio de gobierno, la estrategia pol\u00edtica de partidos y actores se definir\u00e1 el a\u00f1o siguiente por el ciclo electoral 2021-2022, que renovar\u00e1 las gubernaturas de los estados de Quintana Roo, Oaxaca, Hidalgo, Aguascalientes, Tamaulipas y Durango, pero tambi\u00e9n por el refer\u00e9ndum de revocaci\u00f3n de mandato.<\/p>\n\n\n\n<p>Por lo menos, Aguascalientes, Durango y Tamaulipas pueden ser de pron\u00f3stico reservado si la alianza PRI-PAN se mantiene y logra alinear m\u00e1s poderes f\u00e1cticos que los que Morena atrae por ser ahora el principal partido pol\u00edtico.<\/p>\n\n\n\n<p>Los partidos y los poderes locales constituidos, como siempre, se abocar\u00e1n a la movilizaci\u00f3n para conseguir el poder constitucional.<\/p>\n\n\n\n<p>La oposici\u00f3n ha entendido que la \u00fanica forma que tiene de no perder una batalla contra el presidente L\u00f3pez Obrador es no pelearla, de modo que tender\u00e1 a no entrar en disputas que no impliquen poder real.<\/p>\n\n\n\n<p>As\u00ed lo hizo en la consulta del primer d\u00eda de agosto, cuando prefiri\u00f3 llamar a no presentarse a votar. No fue dem\u00f3crata de su parte, pero result\u00f3 para ellos suficientemente efectivo.<\/p>\n\n\n\n<p>La revocaci\u00f3n de mandato plantea problemas adicionales. El primero de ellos es el dise\u00f1o del instrumento, que es necesariamente negativo.<\/p>\n\n\n\n<p>En reg\u00edmenes parlamentarios existe algo similar, pero en diferentes versiones. Hay mociones de confianza, cuando el titular del poder ejecutivo quiere renovar su legitimidad, y mociones de censura, cuando la oposici\u00f3n quiere deponer a un mandatario.<\/p>\n\n\n\n<p>En M\u00e9xico este matiz no existe, de modo que s\u00f3lo puede llamarse a la revocaci\u00f3n de mandato seg\u00fan el art\u00edculo 35 de la Constituci\u00f3n, que establece que el procedimiento ser\u00e1 convocado por el INE a petici\u00f3n ciudadana, tendr\u00e1 validez si participa el 40 por ciento de la lista nominal de electores y, entre \u00e9stos, triunfa por mayor\u00eda absoluta la propuesta de revocar.<\/p>\n\n\n\n<p>Al no haber un mecanismo de ratificaci\u00f3n de confianza, la consulta es necesariamente sobre si \u00e9sta se revoca y se quiere que el presidente se vaya.<\/p>\n\n\n\n<p>(Llama la atenci\u00f3n, por eso, la bochornosa ignorancia de comentaristas como Federico Arreola que, al margen de cualquier consideraci\u00f3n de derecho constitucional, ve en la iniciativa de Ley Federal de Revocaci\u00f3n de Mandato propuesta por Ricardo Monreal mala intenci\u00f3n o incluso traici\u00f3n pues, hab\u00eda, seg\u00fan \u00e9l, \u201cun mill\u00f3n de maneras de elaborar tal proyecto legislativo\u201d).<\/p>\n\n\n\n<p>De tal manera, si se replica la estrategia de la oposici\u00f3n de no atender las batallas convocadas por AMLO, no habr\u00e1 refer\u00e9ndum y, por tanto, no existir\u00e1 la renovaci\u00f3n de la legitimidad que busca.<\/p>\n\n\n\n<p>No los habr\u00e1, por supuesto, a menos de que en un lance tan complejo como peligroso, los simpatizantes de L\u00f3pez Obrador llamemos a revocar su mandato pidiendo firmas en los formatos que el INE disponga para tal efecto.<\/p>\n\n\n\n<p>Como la consulta, la figura de revocaci\u00f3n de mandato tiene limitaciones en cuanto a las posibilidades de los partidos para emplear su financiamiento p\u00fablico en promover el proceso electoral.<\/p>\n\n\n\n<p>Como la consulta, la gesti\u00f3n del proceso de revocaci\u00f3n de mandato depende de las provisiones que el INE quiera tomar seg\u00fan el presupuesto que presente. Como en la consulta, su sabotaje m\u00e1s que la batalla entre bloques hist\u00f3ricos ocupar\u00e1 el horizonte de la oposici\u00f3n. Ante un gobierno dem\u00f3crata fuerte, los poderes prefieren la desmovilizaci\u00f3n.<\/p>\n\n\n\n<p>*Doctor en ciencia pol\u00edtica por la UNAM.<\/p>\n","protected":false},"excerpt":{"rendered":"<p>Gibr\u00e1n Ram\u00edrez Reyes* M\u00e1s all\u00e1 del ejercicio de gobierno, la estrategia pol\u00edtica de partidos y&hellip;<\/p>\n","protected":false},"author":2,"featured_media":24099,"comment_status":"closed","ping_status":"open","sticky":false,"template":"","format":"standard","meta":{"_lmt_disableupdate":"","_lmt_disable":"","_jetpack_memberships_contains_paid_content":false,"footnotes":""},"categories":[456,109],"tags":[2489],"class_list":["post-30807","post","type-post","status-publish","format-standard","has-post-thumbnail","hentry","category-columna","category-minuto-a-minuto","tag-gibran-ramirez-reyes"],"jetpack_featured_media_url":"https:\/\/zonaroja.com.mx\/wp-content\/uploads\/2021\/02\/Gibran-Ramirez-Reyes.jpg","jetpack_sharing_enabled":true,"_links":{"self":[{"href":"https:\/\/zonaroja.com.mx\/index.php?rest_route=\/wp\/v2\/posts\/30807","targetHints":{"allow":["GET"]}}],"collection":[{"href":"https:\/\/zonaroja.com.mx\/index.php?rest_route=\/wp\/v2\/posts"}],"about":[{"href":"https:\/\/zonaroja.com.mx\/index.php?rest_route=\/wp\/v2\/types\/post"}],"author":[{"embeddable":true,"href":"https:\/\/zonaroja.com.mx\/index.php?rest_route=\/wp\/v2\/users\/2"}],"replies":[{"embeddable":true,"href":"https:\/\/zonaroja.com.mx\/index.php?rest_route=%2Fwp%2Fv2%2Fcomments&post=30807"}],"version-history":[{"count":1,"href":"https:\/\/zonaroja.com.mx\/index.php?rest_route=\/wp\/v2\/posts\/30807\/revisions"}],"predecessor-version":[{"id":30808,"href":"https:\/\/zonaroja.com.mx\/index.php?rest_route=\/wp\/v2\/posts\/30807\/revisions\/30808"}],"wp:featuredmedia":[{"embeddable":true,"href":"https:\/\/zonaroja.com.mx\/index.php?rest_route=\/wp\/v2\/media\/24099"}],"wp:attachment":[{"href":"https:\/\/zonaroja.com.mx\/index.php?rest_route=%2Fwp%2Fv2%2Fmedia&parent=30807"}],"wp:term":[{"taxonomy":"category","embeddable":true,"href":"https:\/\/zonaroja.com.mx\/index.php?rest_route=%2Fwp%2Fv2%2Fcategories&post=30807"},{"taxonomy":"post_tag","embeddable":true,"href":"https:\/\/zonaroja.com.mx\/index.php?rest_route=%2Fwp%2Fv2%2Ftags&post=30807"}],"curies":[{"name":"wp","href":"https:\/\/api.w.org\/{rel}","templated":true}]}}