{"id":30812,"date":"2021-08-11T21:09:59","date_gmt":"2021-08-12T02:09:59","guid":{"rendered":"http:\/\/www.zonaroja.com.mx\/?p=30812"},"modified":"2021-08-11T21:10:29","modified_gmt":"2021-08-12T02:10:29","slug":"obligan-empresarios-a-ayuntamiento-a-abrir-playas-de-huatulco","status":"publish","type":"post","link":"https:\/\/zonaroja.com.mx\/?p=30812","title":{"rendered":"Obligan empresarios a ayuntamiento a abrir playas de Huatulco"},"content":{"rendered":"\n<p>Redacci\u00f3n\/Zona Roja.<\/p>\n\n\n\n<p>Oaxaca de Ju\u00e1rez, Oax., 11 de agosto de 2021.- Tras los amagos y determinaci\u00f3n de prestadores de servicios tur\u00edsticos de no parar labores, el Cabildo de Santa Mar\u00eda Huatulco recul\u00f3 en su determinaci\u00f3n de cerrar en su totalidad las playas y dem\u00e1s sitios de inter\u00e9s tur\u00edstico.<\/p>\n\n\n\n<p>En un acuerdo emitido la tarde de este mi\u00e9rcoles, inform\u00f3 de la reapertura al 30 por ciento de su capacidad de todos los servicios tur\u00edsticos, a partir de este 11 de agosto, principalmente en sus bah\u00edas y playas, adem\u00e1s de hoteles, restaurantes y centros de esparcimiento.<\/p>\n\n\n\n<p>En un comunicado, dio a conocer que el edil Giovanne Gonz\u00e1lez se reuni\u00f3 hoy con el Comit\u00e9 de Reactivaci\u00f3n Tur\u00edstica; la delegada de Atenci\u00f3n Regional, la Asociaci\u00f3n de Hoteles y Moteles, la Canirac y autoridades sanitarias estatales, para acordar la decisi\u00f3n.<\/p>\n\n\n\n<p>\u201cHemos decidido permitir la reapertura al 30 por ciento de capacidad de servicios tur\u00edsticos a partir de este 11 de agosto, esto con el prop\u00f3sito de mantener un equilibrio entre la salud y el desarrollo econ\u00f3mico de nuestra ciudadan\u00eda\u201d, anunci\u00f3 la autoridad municipal.<\/p>\n\n\n\n<p>\u201cExhort\u00e9 a los integrantes de las c\u00e1maras y asociaciones para trabajar de manera conjunta y estricta en la mitigaci\u00f3n y reducci\u00f3n de los casos de Covid-19, por lo que estaremos evaluando semanalmente el panorama epidemiol\u00f3gico y comportamiento social de dicho porcentaje\u201d, puntualiz\u00f3.<\/p>\n\n\n\n<p>La semana pasada, al menos seis municipios de la regi\u00f3n Costa, entre ellos Huatulco, tomaron la determinaci\u00f3n de implementar el sem\u00e1foro epidemiol\u00f3gico en color rojo y cerrar los destinos tur\u00edsticos de playa. <\/p>\n","protected":false},"excerpt":{"rendered":"<p>Redacci\u00f3n\/Zona Roja. Oaxaca de Ju\u00e1rez, Oax., 11 de agosto de 2021.- Tras los amagos y&hellip;<\/p>\n","protected":false},"author":2,"featured_media":30813,"comment_status":"closed","ping_status":"open","sticky":false,"template":"","format":"standard","meta":{"_lmt_disableupdate":"","_lmt_disable":"","_jetpack_memberships_contains_paid_content":false,"footnotes":""},"categories":[109,47],"tags":[1512,1337],"class_list":["post-30812","post","type-post","status-publish","format-standard","has-post-thumbnail","hentry","category-minuto-a-minuto","category-zona-gris","tag-coronavirus-oaxaca","tag-santa-maria-huatulco"],"jetpack_featured_media_url":"https:\/\/zonaroja.com.mx\/wp-content\/uploads\/2021\/08\/Gaceta-Huatulco.jpg","jetpack_sharing_enabled":true,"_links":{"self":[{"href":"https:\/\/zonaroja.com.mx\/index.php?rest_route=\/wp\/v2\/posts\/30812","targetHints":{"allow":["GET"]}}],"collection":[{"href":"https:\/\/zonaroja.com.mx\/index.php?rest_route=\/wp\/v2\/posts"}],"about":[{"href":"https:\/\/zonaroja.com.mx\/index.php?rest_route=\/wp\/v2\/types\/post"}],"author":[{"embeddable":true,"href":"https:\/\/zonaroja.com.mx\/index.php?rest_route=\/wp\/v2\/users\/2"}],"replies":[{"embeddable":true,"href":"https:\/\/zonaroja.com.mx\/index.php?rest_route=%2Fwp%2Fv2%2Fcomments&post=30812"}],"version-history":[{"count":2,"href":"https:\/\/zonaroja.com.mx\/index.php?rest_route=\/wp\/v2\/posts\/30812\/revisions"}],"predecessor-version":[{"id":30815,"href":"https:\/\/zonaroja.com.mx\/index.php?rest_route=\/wp\/v2\/posts\/30812\/revisions\/30815"}],"wp:featuredmedia":[{"embeddable":true,"href":"https:\/\/zonaroja.com.mx\/index.php?rest_route=\/wp\/v2\/media\/30813"}],"wp:attachment":[{"href":"https:\/\/zonaroja.com.mx\/index.php?rest_route=%2Fwp%2Fv2%2Fmedia&parent=30812"}],"wp:term":[{"taxonomy":"category","embeddable":true,"href":"https:\/\/zonaroja.com.mx\/index.php?rest_route=%2Fwp%2Fv2%2Fcategories&post=30812"},{"taxonomy":"post_tag","embeddable":true,"href":"https:\/\/zonaroja.com.mx\/index.php?rest_route=%2Fwp%2Fv2%2Ftags&post=30812"}],"curies":[{"name":"wp","href":"https:\/\/api.w.org\/{rel}","templated":true}]}}