{"id":30825,"date":"2021-08-12T07:47:13","date_gmt":"2021-08-12T12:47:13","guid":{"rendered":"http:\/\/www.zonaroja.com.mx\/?p=30825"},"modified":"2021-08-12T07:50:13","modified_gmt":"2021-08-12T12:50:13","slug":"reportan-desaparicion-de-tres-menores-de-edad-en-la-ciudad-de-oaxaca","status":"publish","type":"post","link":"https:\/\/zonaroja.com.mx\/?p=30825","title":{"rendered":"Reportan desaparici\u00f3n de tres menores de edad en la ciudad de Oaxaca"},"content":{"rendered":"\n<p>Redacci\u00f3n\/Zona Roja.<\/p>\n\n\n\n<p>Oaxaca de Ju\u00e1rez, Oax., 12 de agosto de 2021.- La Unidad de B\u00fasqueda de Personas Desaparecidas y No Localizadas, dependiente de la Fiscal\u00eda General del Estado de Oaxaca, confirm\u00f3 la desaparici\u00f3n de tres menores de edad en la ciudad de Oaxaca, desde ayer mi\u00e9rcoles.<\/p>\n\n\n\n<p>Las tres, que presuntamente no son familiares, fueron vistas por \u00faltima vez en la calle Vicente Guerrero de la colonia Miguel Alem\u00e1n.<\/p>\n\n\n\n<p>Se trata de Vanesa Guadalupe G\u00f3mez Dom\u00ednguez, Liliana Ram\u00edrez Alegr\u00eda y Gralia Jazm\u00edn Mart\u00ednez Dami\u00e1n, todas ellas de 13 a\u00f1o de edad y cuyos familiares pidieron el apoyo de las autoridades.<\/p>\n\n\n\n<p>Vanesa Guadalupe viste un mall\u00f3n a cuadros de color rosa con negro y playera de color rosa y calza sandalias tipo Cross de color negro con rojo.<\/p>\n\n\n\n<p>Liliana portaba una blusa de color blanca con estampados de coraz\u00f3n en la parte de enfrente, pantal\u00f3n de mezclilla de color rojo y calza tenis de color blanco.<\/p>\n\n\n\n<p>Mientras que Gralia Jazm\u00edn llevaba un jumper tipo short de color negro, con estampado de flores en la parte de enfrente, blusa negra, mall\u00f3n de color caf\u00e9 y calza tenis de color blanco.<\/p>\n","protected":false},"excerpt":{"rendered":"<p>Redacci\u00f3n\/Zona Roja. Oaxaca de Ju\u00e1rez, Oax., 12 de agosto de 2021.- La Unidad de B\u00fasqueda&hellip;<\/p>\n","protected":false},"author":2,"featured_media":30819,"comment_status":"closed","ping_status":"open","sticky":false,"template":"","format":"standard","meta":{"_lmt_disableupdate":"","_lmt_disable":"","_jetpack_memberships_contains_paid_content":false,"footnotes":""},"categories":[109,47],"tags":[455],"class_list":["post-30825","post","type-post","status-publish","format-standard","has-post-thumbnail","hentry","category-minuto-a-minuto","category-zona-gris","tag-mujeres-desaparecidas-oaxaca"],"jetpack_featured_media_url":"https:\/\/zonaroja.com.mx\/wp-content\/uploads\/2021\/08\/Menores-desaparecidas-Oaxaca.jpg","jetpack_sharing_enabled":true,"_links":{"self":[{"href":"https:\/\/zonaroja.com.mx\/index.php?rest_route=\/wp\/v2\/posts\/30825","targetHints":{"allow":["GET"]}}],"collection":[{"href":"https:\/\/zonaroja.com.mx\/index.php?rest_route=\/wp\/v2\/posts"}],"about":[{"href":"https:\/\/zonaroja.com.mx\/index.php?rest_route=\/wp\/v2\/types\/post"}],"author":[{"embeddable":true,"href":"https:\/\/zonaroja.com.mx\/index.php?rest_route=\/wp\/v2\/users\/2"}],"replies":[{"embeddable":true,"href":"https:\/\/zonaroja.com.mx\/index.php?rest_route=%2Fwp%2Fv2%2Fcomments&post=30825"}],"version-history":[{"count":2,"href":"https:\/\/zonaroja.com.mx\/index.php?rest_route=\/wp\/v2\/posts\/30825\/revisions"}],"predecessor-version":[{"id":30827,"href":"https:\/\/zonaroja.com.mx\/index.php?rest_route=\/wp\/v2\/posts\/30825\/revisions\/30827"}],"wp:featuredmedia":[{"embeddable":true,"href":"https:\/\/zonaroja.com.mx\/index.php?rest_route=\/wp\/v2\/media\/30819"}],"wp:attachment":[{"href":"https:\/\/zonaroja.com.mx\/index.php?rest_route=%2Fwp%2Fv2%2Fmedia&parent=30825"}],"wp:term":[{"taxonomy":"category","embeddable":true,"href":"https:\/\/zonaroja.com.mx\/index.php?rest_route=%2Fwp%2Fv2%2Fcategories&post=30825"},{"taxonomy":"post_tag","embeddable":true,"href":"https:\/\/zonaroja.com.mx\/index.php?rest_route=%2Fwp%2Fv2%2Ftags&post=30825"}],"curies":[{"name":"wp","href":"https:\/\/api.w.org\/{rel}","templated":true}]}}