{"id":30830,"date":"2021-08-12T08:04:59","date_gmt":"2021-08-12T13:04:59","guid":{"rendered":"http:\/\/www.zonaroja.com.mx\/?p=30830"},"modified":"2021-08-12T08:05:02","modified_gmt":"2021-08-12T13:05:02","slug":"muere-un-menor-de-edad-ahogado-en-rio-de-huatulco","status":"publish","type":"post","link":"https:\/\/zonaroja.com.mx\/?p=30830","title":{"rendered":"Muere un menor de edad ahogado en r\u00edo de Huatulco"},"content":{"rendered":"\n<p>Redacci\u00f3n\/Zona Roja.<\/p>\n\n\n\n<p>Oaxaca de Ju\u00e1rez, Oax., 12 de agosto de 2021.- Un menor de edad perdi\u00f3 la vida por ahogamiento, en jurisdicci\u00f3n de Santa Mar\u00eda Huatulco.<\/p>\n\n\n\n<p>Integrantes de una familia fueron a refrescarse ayer por la tarde al r\u00edo \u201cMagdalena\u201d de la comunidad de La Erradura; sin embargo, al parecer un ni\u00f1o de 11 a\u00f1os de edad no sab\u00eda nadar, por lo que comenz\u00f3 a ahogarse.<\/p>\n\n\n\n<p>Fueron los mismos familiares quienes lograron sacarlo del afluente, mientras arribaban elementos del Heroico Cuerpo de Bomberos; los param\u00e9dicos corroboraron que ya hab\u00eda fallecido.<\/p>\n\n\n\n<p>La v\u00edctima fue identificada como Gadiel V. L., y el Ministerio P\u00fablico de la Vicefiscal\u00eda Regional de la Costa tom\u00f3 conocimiento de los hechos.<\/p>\n","protected":false},"excerpt":{"rendered":"<p>Redacci\u00f3n\/Zona Roja. Oaxaca de Ju\u00e1rez, Oax., 12 de agosto de 2021.- Un menor de edad&hellip;<\/p>\n","protected":false},"author":2,"featured_media":30831,"comment_status":"closed","ping_status":"open","sticky":false,"template":"","format":"standard","meta":{"_lmt_disableupdate":"","_lmt_disable":"","_jetpack_memberships_contains_paid_content":false,"footnotes":""},"categories":[109,51],"tags":[1337],"class_list":["post-30830","post","type-post","status-publish","format-standard","has-post-thumbnail","hentry","category-minuto-a-minuto","category-zona-roja","tag-santa-maria-huatulco"],"jetpack_featured_media_url":"https:\/\/zonaroja.com.mx\/wp-content\/uploads\/2021\/08\/Menor-ahogado-Huatulco.jpg","jetpack_sharing_enabled":true,"_links":{"self":[{"href":"https:\/\/zonaroja.com.mx\/index.php?rest_route=\/wp\/v2\/posts\/30830","targetHints":{"allow":["GET"]}}],"collection":[{"href":"https:\/\/zonaroja.com.mx\/index.php?rest_route=\/wp\/v2\/posts"}],"about":[{"href":"https:\/\/zonaroja.com.mx\/index.php?rest_route=\/wp\/v2\/types\/post"}],"author":[{"embeddable":true,"href":"https:\/\/zonaroja.com.mx\/index.php?rest_route=\/wp\/v2\/users\/2"}],"replies":[{"embeddable":true,"href":"https:\/\/zonaroja.com.mx\/index.php?rest_route=%2Fwp%2Fv2%2Fcomments&post=30830"}],"version-history":[{"count":1,"href":"https:\/\/zonaroja.com.mx\/index.php?rest_route=\/wp\/v2\/posts\/30830\/revisions"}],"predecessor-version":[{"id":30832,"href":"https:\/\/zonaroja.com.mx\/index.php?rest_route=\/wp\/v2\/posts\/30830\/revisions\/30832"}],"wp:featuredmedia":[{"embeddable":true,"href":"https:\/\/zonaroja.com.mx\/index.php?rest_route=\/wp\/v2\/media\/30831"}],"wp:attachment":[{"href":"https:\/\/zonaroja.com.mx\/index.php?rest_route=%2Fwp%2Fv2%2Fmedia&parent=30830"}],"wp:term":[{"taxonomy":"category","embeddable":true,"href":"https:\/\/zonaroja.com.mx\/index.php?rest_route=%2Fwp%2Fv2%2Fcategories&post=30830"},{"taxonomy":"post_tag","embeddable":true,"href":"https:\/\/zonaroja.com.mx\/index.php?rest_route=%2Fwp%2Fv2%2Ftags&post=30830"}],"curies":[{"name":"wp","href":"https:\/\/api.w.org\/{rel}","templated":true}]}}