{"id":30838,"date":"2021-08-12T09:12:23","date_gmt":"2021-08-12T14:12:23","guid":{"rendered":"http:\/\/www.zonaroja.com.mx\/?p=30838"},"modified":"2021-08-12T09:12:25","modified_gmt":"2021-08-12T14:12:25","slug":"educacion-y-ocupacion-de-jovenes-afectada-por-pandemia","status":"publish","type":"post","link":"https:\/\/zonaroja.com.mx\/?p=30838","title":{"rendered":"Educaci\u00f3n y ocupaci\u00f3n de j\u00f3venes, afectada por pandemia"},"content":{"rendered":"\n<p>Evlin Arag\u00f3n\/Zona Roja.<\/p>\n\n\n\n<p>Oaxaca de Ju\u00e1rez, Oax., 12 de agosto de 2021.- Retrocesos en materia de educaci\u00f3n, as\u00ed como en las oportunidades laborales y sociales, durante una etapa crucial en el desarrollo de su vida, son los principales retrocesos a los que se ha enfrentado la poblaci\u00f3n joven en medio de la pandemia por Covid-19.&nbsp;<\/p>\n\n\n\n<p>Lo anterior de acuerdo con la informaci\u00f3n expuesta por el Instituto Nacional de Estad\u00edstica y Geograf\u00eda (INEGI), en el marco del D\u00eda Internacional de la Juventud, que se conmemora este 12 de agosto y busca generar conciencia sobre los desaf\u00edos y problemas a los que este grupo de poblaci\u00f3n se enfrenta.&nbsp;<\/p>\n\n\n\n<p>En la actualidad y de acuerdo con el Censo Nacional de Poblaci\u00f3n y Vivienda 2020, solo el 32 por ciento de la poblaci\u00f3n joven asiste a la escuela, misma que se prev\u00e9 tenga impactos significativos en sus resultados educativos debido a la interrupci\u00f3n o disminuci\u00f3n del aprendizaje por la pandemia.&nbsp;<\/p>\n\n\n\n<p>\u201cSe prev\u00e9 que la pandemia tenga impactos significativos en los resultados educativos de la poblaci\u00f3n joven, debido a la interrupci\u00f3n o disminuci\u00f3n del aprendizaje y donde corren el riesgo de experimentar una transici\u00f3n m\u00e1s larga y compleja hacia el empleo y trabajo decente; siendo la poblaci\u00f3n adolescente uno de los grupos m\u00e1s afectados\u201d, refiere el documento.<\/p>\n\n\n\n<p>El desempleo, provocado por la contingencia sanitaria, ha repercutido tambi\u00e9n en contra de dicho sector, dejando un aproximado de un mill\u00f3n 100 mil j\u00f3venes sin empleo.&nbsp;<\/p>\n\n\n\n<p>Y es que a partir de las estimaciones de la Encuesta Nacional de Ocupaci\u00f3n y Empleo (ENOEN) en su primer trimestre de 2021, se tiene que 15.4 millones de personas de 15 a 29 a\u00f1os, pertenecen a la Poblaci\u00f3n Econ\u00f3micamente Activa (PEA), de las cuales, 14.3 millones se encuentran ocupadas.<\/p>\n\n\n\n<p>\u201cEl aumento del desempleo a consecuencia de la COVID-19, ha producido un impacto econ\u00f3mico considerable en el mundo, siendo la poblaci\u00f3n joven la m\u00e1s afectada; y pese a que esta situaci\u00f3n ha sido una realidad durante a\u00f1os, es muy probable que esta condici\u00f3n incremente el porcentaje de j\u00f3venes desempleados en comparaci\u00f3n con el resto de la poblaci\u00f3n\u201d, refiere el INEGI.<\/p>\n\n\n\n<p>La mayor parte de las y los j\u00f3venes ocupados se ubican en los sectores de comercio y servicios; seguido de la industria y la construcci\u00f3n; finalmente con actividades relacionadas a la agricultura, ganader\u00eda, caza y pesca.<\/p>\n\n\n\n<p>En M\u00e9xico habitan 31 millones de personas de 15 a 29 a\u00f1os, que representan el 25 por ciento del total de la poblaci\u00f3n en el pa\u00eds.<\/p>\n","protected":false},"excerpt":{"rendered":"<p>Evlin Arag\u00f3n\/Zona Roja. Oaxaca de Ju\u00e1rez, Oax., 12 de agosto de 2021.- Retrocesos en materia&hellip;<\/p>\n","protected":false},"author":2,"featured_media":30839,"comment_status":"closed","ping_status":"open","sticky":false,"template":"","format":"standard","meta":{"_lmt_disableupdate":"","_lmt_disable":"","_jetpack_memberships_contains_paid_content":false,"footnotes":""},"categories":[109,46],"tags":[],"class_list":["post-30838","post","type-post","status-publish","format-standard","has-post-thumbnail","hentry","category-minuto-a-minuto","category-zona-blanca"],"jetpack_featured_media_url":"https:\/\/zonaroja.com.mx\/wp-content\/uploads\/2021\/08\/Dia-Internacional-de-la-Juventud.jpg","jetpack_sharing_enabled":true,"_links":{"self":[{"href":"https:\/\/zonaroja.com.mx\/index.php?rest_route=\/wp\/v2\/posts\/30838","targetHints":{"allow":["GET"]}}],"collection":[{"href":"https:\/\/zonaroja.com.mx\/index.php?rest_route=\/wp\/v2\/posts"}],"about":[{"href":"https:\/\/zonaroja.com.mx\/index.php?rest_route=\/wp\/v2\/types\/post"}],"author":[{"embeddable":true,"href":"https:\/\/zonaroja.com.mx\/index.php?rest_route=\/wp\/v2\/users\/2"}],"replies":[{"embeddable":true,"href":"https:\/\/zonaroja.com.mx\/index.php?rest_route=%2Fwp%2Fv2%2Fcomments&post=30838"}],"version-history":[{"count":1,"href":"https:\/\/zonaroja.com.mx\/index.php?rest_route=\/wp\/v2\/posts\/30838\/revisions"}],"predecessor-version":[{"id":30840,"href":"https:\/\/zonaroja.com.mx\/index.php?rest_route=\/wp\/v2\/posts\/30838\/revisions\/30840"}],"wp:featuredmedia":[{"embeddable":true,"href":"https:\/\/zonaroja.com.mx\/index.php?rest_route=\/wp\/v2\/media\/30839"}],"wp:attachment":[{"href":"https:\/\/zonaroja.com.mx\/index.php?rest_route=%2Fwp%2Fv2%2Fmedia&parent=30838"}],"wp:term":[{"taxonomy":"category","embeddable":true,"href":"https:\/\/zonaroja.com.mx\/index.php?rest_route=%2Fwp%2Fv2%2Fcategories&post=30838"},{"taxonomy":"post_tag","embeddable":true,"href":"https:\/\/zonaroja.com.mx\/index.php?rest_route=%2Fwp%2Fv2%2Ftags&post=30838"}],"curies":[{"name":"wp","href":"https:\/\/api.w.org\/{rel}","templated":true}]}}