{"id":30841,"date":"2021-08-12T15:13:48","date_gmt":"2021-08-12T20:13:48","guid":{"rendered":"http:\/\/www.zonaroja.com.mx\/?p=30841"},"modified":"2021-08-12T15:13:52","modified_gmt":"2021-08-12T20:13:52","slug":"da-sindicato-una-semana-a-titular-de-los-sso-para-resolver-demandas","status":"publish","type":"post","link":"https:\/\/zonaroja.com.mx\/?p=30841","title":{"rendered":"Da sindicato una semana a titular de los SSO para resolver demandas"},"content":{"rendered":"\n<p>Evlina Arag\u00f3n\/Zona Roja.<\/p>\n\n\n\n<p>Oaxaca de Ju\u00e1rez, Oax., 12 de agosto de 2021.- El Comit\u00e9 Ejecutivo de la Secci\u00f3n 35 del Sindicato Nacional de Trabajadores de la Secretar\u00eda de Salud (SNTSA) emplaz\u00f3 al gobierno de Oaxaca a cumplir una serie de demandas del gremio antes del 16 de agosto, del a\u00f1o en curso.&nbsp;<\/p>\n\n\n\n<p>De lo contrario, advirti\u00f3 que solicitar\u00e1 la destituci\u00f3n de Juan Carlos M\u00e1rquez Heine como secretario de Salud e iniciar\u00e1n una serie de acciones y movilizaciones en la entidad oaxaque\u00f1a hasta lograr sus objetivos.&nbsp;<\/p>\n\n\n\n<p>Mediante un documento dirigido al mandatario estatal, solicitaron una audiencia inmediata que incluya a las autoridades de m\u00e1s alto nivel de los Servicios de Salud de Oaxaca y el Instituto de Salud para el Bienestar (Insabi) a fin de exponer las principales preocupaciones de la base trabajadora.&nbsp;<\/p>\n\n\n\n<p>Dentro de sus demandas se encuentra conocer el estatus actual del convenio con el Insabi; el pago del Fondo de Ahorro Estatal Capitalizable, antes del 13 de mayo; y mantener en activo al personal eventual contratado por la pandemia, en cuyo cese aseguran no estar de acuerdo.&nbsp;<\/p>\n\n\n\n<p>\u201cEsta asociaci\u00f3n sindical no est\u00e1 de acuerdo en la forma unilateral y arbitraria en cuanto al intento de darle fin a la relaci\u00f3n laboral con los compa\u00f1eros eventuales, a pesar de que cada uno de estos contratos fueron validados por \u00e1rea t\u00e9cnica correspondiente en diferentes mesas de trabajo, como necesidades prioritaria y m\u00e1s a\u00fan necesaria en tiempo de pandemia\u201d, manifestaron.<\/p>\n\n\n\n<p>As\u00ed mismo exigieron el cumplimiento de acuerdos firmados en mesas de trabajo previas, particularmente en cambios de adscripci\u00f3n, movimientos escalafonarios, contrataci\u00f3n, comisiones, as\u00ed como lo relacionado a infraestructura, insumos, equipo y medicamentos.&nbsp;<\/p>\n\n\n\n<p>En este mismo sentido y a m\u00e1s de un a\u00f1o de la pandemia, mantienen la exigencia de equipo de protecci\u00f3n como cubrebocas, caretas, guantes, overoles, gel antibacterial para todo el personal, as\u00ed como sanitizaci\u00f3n permanente de espacios de trabajo.<\/p>\n\n\n\n<p>Las demandas incluyen conocer las aportaciones de los trabajadores a terceros institucionales; soluci\u00f3n inmediata al tema del personal de limpieza y vigilancia, que se manifest\u00f3 este mi\u00e9rcoles en las oficinas centrales; garant\u00eda del recurso financiero para todos los programas vigentes y la regularizaci\u00f3n de personal de confianza pendiente.&nbsp;<\/p>\n\n\n\n<p>\u201cEmplazamos a la autoridad, que, en caso de no contar con repuestas a nuestras demandas, se solicitar\u00e1 la destituci\u00f3n del Dr. Juan Calor M\u00e1rquez Heine como secretario de salud y a partir del d\u00eda lunes 16 del presente mes y a\u00f1o implementaremos un plan de acci\u00f3n que permita lograr nuestros objetivos\u201d, indicaron.&nbsp;<\/p>\n","protected":false},"excerpt":{"rendered":"<p>Evlina Arag\u00f3n\/Zona Roja. Oaxaca de Ju\u00e1rez, Oax., 12 de agosto de 2021.- El Comit\u00e9 Ejecutivo&hellip;<\/p>\n","protected":false},"author":2,"featured_media":30823,"comment_status":"closed","ping_status":"open","sticky":false,"template":"","format":"standard","meta":{"_lmt_disableupdate":"","_lmt_disable":"","_jetpack_memberships_contains_paid_content":false,"footnotes":""},"categories":[109,47],"tags":[1005],"class_list":["post-30841","post","type-post","status-publish","format-standard","has-post-thumbnail","hentry","category-minuto-a-minuto","category-zona-gris","tag-servicios-de-salud-de-oaxaca-sso"],"jetpack_featured_media_url":"https:\/\/zonaroja.com.mx\/wp-content\/uploads\/2021\/08\/Paro-de-labores-Seccion-35.jpg","jetpack_sharing_enabled":true,"_links":{"self":[{"href":"https:\/\/zonaroja.com.mx\/index.php?rest_route=\/wp\/v2\/posts\/30841","targetHints":{"allow":["GET"]}}],"collection":[{"href":"https:\/\/zonaroja.com.mx\/index.php?rest_route=\/wp\/v2\/posts"}],"about":[{"href":"https:\/\/zonaroja.com.mx\/index.php?rest_route=\/wp\/v2\/types\/post"}],"author":[{"embeddable":true,"href":"https:\/\/zonaroja.com.mx\/index.php?rest_route=\/wp\/v2\/users\/2"}],"replies":[{"embeddable":true,"href":"https:\/\/zonaroja.com.mx\/index.php?rest_route=%2Fwp%2Fv2%2Fcomments&post=30841"}],"version-history":[{"count":1,"href":"https:\/\/zonaroja.com.mx\/index.php?rest_route=\/wp\/v2\/posts\/30841\/revisions"}],"predecessor-version":[{"id":30842,"href":"https:\/\/zonaroja.com.mx\/index.php?rest_route=\/wp\/v2\/posts\/30841\/revisions\/30842"}],"wp:featuredmedia":[{"embeddable":true,"href":"https:\/\/zonaroja.com.mx\/index.php?rest_route=\/wp\/v2\/media\/30823"}],"wp:attachment":[{"href":"https:\/\/zonaroja.com.mx\/index.php?rest_route=%2Fwp%2Fv2%2Fmedia&parent=30841"}],"wp:term":[{"taxonomy":"category","embeddable":true,"href":"https:\/\/zonaroja.com.mx\/index.php?rest_route=%2Fwp%2Fv2%2Fcategories&post=30841"},{"taxonomy":"post_tag","embeddable":true,"href":"https:\/\/zonaroja.com.mx\/index.php?rest_route=%2Fwp%2Fv2%2Ftags&post=30841"}],"curies":[{"name":"wp","href":"https:\/\/api.w.org\/{rel}","templated":true}]}}