{"id":30843,"date":"2021-08-12T16:28:25","date_gmt":"2021-08-12T21:28:25","guid":{"rendered":"http:\/\/www.zonaroja.com.mx\/?p=30843"},"modified":"2021-08-12T16:28:29","modified_gmt":"2021-08-12T21:28:29","slug":"reconoce-sinfra-que-derribaran-cientos-de-arboles-por-obra-colonos-protestan","status":"publish","type":"post","link":"https:\/\/zonaroja.com.mx\/?p=30843","title":{"rendered":"Reconoce Sinfra que derribaran cientos de \u00e1rboles por obra; colonos protestan"},"content":{"rendered":"\n<p>Evlin Arag\u00f3n\/Zona Roja.<\/p>\n\n\n\n<p>Oaxaca de Ju\u00e1rez, Oax., 12 de agosto de 2021.- Tras semanas en las que grupos de ambientalistas han manifestado su oposici\u00f3n al proyecto de ampliaci\u00f3n y modernizaci\u00f3n de la avenida S\u00edmbolos Patrios, en la zona conurbada de la capital, este jueves autoridades de la Secretar\u00eda de las Infraestructuras y el Ordenamiento Territorial (Sinfra) realizaron un recorrido por inmediaciones de la zona que ser\u00e1 intervenida para dar informaci\u00f3n con respecto de la obra.&nbsp;<\/p>\n\n\n\n<p>Ah\u00ed la autoridad representada por el subsecretario de Obra P\u00fablica, Manuel Meza Corres, reconoci\u00f3 que de los 633 \u00e1rboles que han contabilizado y etiquetado en la zona, 525 ser\u00e1n \u00abretirados\u00bb del lugar, conservando \u00fanicamente 110 ejemplares que se pueden integrar en el proyecto dise\u00f1ado.&nbsp;<\/p>\n\n\n\n<p>Con lo anterior se confirma la preocupaci\u00f3n de la comunidad que se ha pronunciado en contra del ecocidio en una de las pocas \u00e1reas verdes con la que cuenta la capital de Oaxaca y la zona conurbada; y aunque anunci\u00f3 que lo anterior se compensar\u00e1 con la siembra de mil 605 \u00e1rboles, estos ser\u00e1n ejemplares que tardar\u00e1n a\u00f1os en crecer y cumplir con su funci\u00f3n ambiental.<\/p>\n\n\n\n<p>En el recorrido participaron el ambientalista Nasario Garc\u00eda Ram\u00edrez y activista Markoa V\u00e1squez quienes expusieron su inconformidad de manera directa a las autoridades por el ecocidio que se pretende llevar a cabo en la zona, pese a las recientes declaraciones a nivel mundial en las que se refiere una grave crisis ambiental.&nbsp;<\/p>\n\n\n\n<p>De manera conciliatoria, Nasario Garc\u00eda asegur\u00f3 que no se oponen al progreso, incluso apoyar\u00edan la realizaci\u00f3n de la obra siempre y cuando sea sustentable y no ponga en riesgo el arbolado, el medio ambiente y a la poblaci\u00f3n oaxaque\u00f1a que se merece una buena calidad de vida.&nbsp;<\/p>\n\n\n\n<p>En este sentido dio a conocer que ya ha sostenido pl\u00e1ticas con la autoridad ejidal de San Antonio de la Cal, quien estar\u00eda en disposici\u00f3n de destinar m\u00e1s de 300 hect\u00e1reas para ubicar los \u00e1rboles que sean retirados del lugar, adem\u00e1s de supervisar que en la zona se lleve a cabo la plantaci\u00f3n de ejemplares como parte de la compensaci\u00f3n f\u00edsica.\u00a0<\/p>\n\n\n\n<figure class=\"wp-block-embed-twitter wp-block-embed is-type-rich is-provider-twitter\"><div class=\"wp-block-embed__wrapper\">\n<div class=\"twitter-tweet\"><blockquote class=\"twitter-tweet\" data-lang=\"es\"><p lang=\"es\" dir=\"ltr\"><a href=\"https:\/\/twitter.com\/hashtag\/%C3%9AltimoMinuto?src=hash&amp;ref_src=twsrc%5Etfw\">#\u00daltimoMinuto<\/a> <br>Ambientalistas protestan este mediod\u00eda en la avenida S\u00edmbolos Patrios, al sur de la ciudad de <a href=\"https:\/\/twitter.com\/hashtag\/Oaxaca?src=hash&amp;ref_src=twsrc%5Etfw\">#Oaxaca<\/a>, por el ecocidio que har\u00e1 <a href=\"https:\/\/twitter.com\/SINFRA_GobOax?ref_src=twsrc%5Etfw\">@SINFRA_GobOax<\/a> en la obra de ampliaci\u00f3n. <br>La dependencia estatal reconoce que se derribaran m\u00e1s de 600 \u00e1rboles. <a href=\"https:\/\/t.co\/1rtN1R8L8j\">pic.twitter.com\/1rtN1R8L8j<\/a><\/p>&mdash; Zona Roja Oaxaca (@Zona_Roja_Oax) <a href=\"https:\/\/twitter.com\/Zona_Roja_Oax\/status\/1425876118070915077?ref_src=twsrc%5Etfw\">12 de agosto de 2021<\/a><\/blockquote><\/div>\n<\/div><\/figure>\n\n\n\n<p>Mientras que, con su peculiar estilo, Markoa V\u00e1squez confront\u00f3 a las autoridades y exigi\u00f3 el replanteamiento del proyecto a fin de evitar el ecocidio que afecta no s\u00f3lo a quienes habitan en la zona, sino a toda la poblaci\u00f3n oaxaque\u00f1a que se queda sin \u00e1reas verdes.&nbsp;<\/p>\n\n\n\n<p>El tambi\u00e9n pintor, asegur\u00f3 que de poco o nada sirve que las autoridades destinen m\u00e1s de mil ejemplares para reforestar, si estos no corresponden a las dimensiones de los que ser\u00e1n retirados, por lo que rechaz\u00f3 dicha acci\u00f3n como acci\u00f3n resarcitoria al ecocidio que se pretende realizar.&nbsp;<\/p>\n\n\n\n<p>\u201cLa comunidad se est\u00e1 organizando y no va a permitir el ecocidio. O respetan los \u00e1rboles, ajustan su proyecto, lo modifican o simplemente no va a pasar la obra\u201d, sentenci\u00f3.&nbsp;<\/p>\n\n\n\n<p>Previo al recorrido que realizaron las autoridades, habitantes de la colonia Alem\u00e1n y otras aleda\u00f1as se manifestaron de manera pac\u00edfica y con pancartas en mano para pedir que no sean derribados los \u00e1rboles en la zona, ah\u00ed retiraron incluso la lona que anuncia la realizaci\u00f3n del proyecto.&nbsp;<\/p>\n\n\n\n<p>\u201cNo a la tala de nuestra fuente de ox\u00edgeno\u201d, \u201cNo a la destrucci\u00f3n de \u00e1rboles\u201d, \u201cUn \u00e1rbol es un ser que vive, para darnos vida. No al ecocidio\u201d, refer\u00edan las pancartas con las que se manifestaron.&nbsp;<\/p>\n\n\n\n<p>Tomas S\u00e1nchez Garc\u00eda, presidente de la colonia Alem\u00e1n, dio a conocer que las autoridades no han informado al respecto de la obra, ante lo cual aseguraron que no se oponen al progreso sino al ecocidio que pretenden realizar y que atenta contra la salud de la humanidad.<\/p>\n","protected":false},"excerpt":{"rendered":"<p>Evlin Arag\u00f3n\/Zona Roja. Oaxaca de Ju\u00e1rez, Oax., 12 de agosto de 2021.- Tras semanas en&hellip;<\/p>\n","protected":false},"author":2,"featured_media":30844,"comment_status":"closed","ping_status":"open","sticky":false,"template":"","format":"standard","meta":{"_lmt_disableupdate":"","_lmt_disable":"","_jetpack_memberships_contains_paid_content":false,"footnotes":""},"categories":[109,47],"tags":[],"class_list":["post-30843","post","type-post","status-publish","format-standard","has-post-thumbnail","hentry","category-minuto-a-minuto","category-zona-gris"],"jetpack_featured_media_url":"https:\/\/zonaroja.com.mx\/wp-content\/uploads\/2021\/08\/Protesta-ecocidio-simbolos-patrios.jpg","jetpack_sharing_enabled":true,"_links":{"self":[{"href":"https:\/\/zonaroja.com.mx\/index.php?rest_route=\/wp\/v2\/posts\/30843","targetHints":{"allow":["GET"]}}],"collection":[{"href":"https:\/\/zonaroja.com.mx\/index.php?rest_route=\/wp\/v2\/posts"}],"about":[{"href":"https:\/\/zonaroja.com.mx\/index.php?rest_route=\/wp\/v2\/types\/post"}],"author":[{"embeddable":true,"href":"https:\/\/zonaroja.com.mx\/index.php?rest_route=\/wp\/v2\/users\/2"}],"replies":[{"embeddable":true,"href":"https:\/\/zonaroja.com.mx\/index.php?rest_route=%2Fwp%2Fv2%2Fcomments&post=30843"}],"version-history":[{"count":1,"href":"https:\/\/zonaroja.com.mx\/index.php?rest_route=\/wp\/v2\/posts\/30843\/revisions"}],"predecessor-version":[{"id":30845,"href":"https:\/\/zonaroja.com.mx\/index.php?rest_route=\/wp\/v2\/posts\/30843\/revisions\/30845"}],"wp:featuredmedia":[{"embeddable":true,"href":"https:\/\/zonaroja.com.mx\/index.php?rest_route=\/wp\/v2\/media\/30844"}],"wp:attachment":[{"href":"https:\/\/zonaroja.com.mx\/index.php?rest_route=%2Fwp%2Fv2%2Fmedia&parent=30843"}],"wp:term":[{"taxonomy":"category","embeddable":true,"href":"https:\/\/zonaroja.com.mx\/index.php?rest_route=%2Fwp%2Fv2%2Fcategories&post=30843"},{"taxonomy":"post_tag","embeddable":true,"href":"https:\/\/zonaroja.com.mx\/index.php?rest_route=%2Fwp%2Fv2%2Ftags&post=30843"}],"curies":[{"name":"wp","href":"https:\/\/api.w.org\/{rel}","templated":true}]}}