{"id":30846,"date":"2021-08-12T19:21:25","date_gmt":"2021-08-13T00:21:25","guid":{"rendered":"http:\/\/www.zonaroja.com.mx\/?p=30846"},"modified":"2021-08-12T19:32:23","modified_gmt":"2021-08-13T00:32:23","slug":"condenan-hostigamiento-y-campana-de-desprestigio-hacia-periodista","status":"publish","type":"post","link":"https:\/\/zonaroja.com.mx\/?p=30846","title":{"rendered":"Condenan hostigamiento y campa\u00f1a de desprestigio hacia periodista"},"content":{"rendered":"\n<p>Evlin Arag\u00f3n\/Zona Roja.<\/p>\n\n\n\n<p>Oaxaca de Ju\u00e1rez, Oax., 12 de agosto de 2021.- La Red Nacional de Periodistas y Comunicaci\u00f3n e Informaci\u00f3n de la Mujer condenaron los actos de hostigamiento y campa\u00f1a de desprestigio en contra de la periodista oaxaque\u00f1a Citlalli L\u00f3pez Vel\u00e1zquez, a quien recientemente se acus\u00f3 de extorsi\u00f3n, sin presentar una sola prueba en su contra. <\/p>\n\n\n\n<p>Por ello, ambos organismos exigieron al gobierno de Oaxaca y a su titular, Alejandro Murat Hinojosa, implementar acciones preventivas que permitan entornos favorables para ejercer el derecho a la libertad de expresi\u00f3n y la defensa de los derechos humanos de las mujeres, libres de cualquier tipo de violencia de g\u00e9nero<\/p>\n\n\n\n<p>El ataque en contra de la periodista se llev\u00f3 a cabo de manera digital, el pasado lunes 9 de agosto, y fue a trav\u00e9s de un chat de WhatsApp que el usuario \u201cChucho el roto\u201d acus\u00f3 a la tambi\u00e9n colaboradora de CIMAC Noticias de dedicarse a la extorsi\u00f3n, sin embargo, no present\u00f3 ning\u00fan tipo de pruebas que acrediten su dicho.&nbsp;<\/p>\n\n\n\n<p>Lo anterior, tras la publicaci\u00f3n de la nota titulada \u201cCuelgan a excandidato a edil en tendedero de deudores alimentarios en Oaxaca\u201d en la que se hac\u00eda referencia a la denuncia por incumplimiento de pensi\u00f3n alimentaria y otras formas de violencia de g\u00e9nero cometida por Israel Gallegos Soto, excandidato a edil por el Partido Unidad Popular (PUP).<\/p>\n\n\n\n<p>Dicho personaje fue expuesto por su ex pareja sentimental a trav\u00e9s de las redes sociales y como parte del movimiento Deudores Alimentarios Oaxaca, mismo que ha dado apertura a la denuncia de decenas de mujeres que pasan por la misma situaci\u00f3n.&nbsp;<\/p>\n\n\n\n<p>Ante la campa\u00f1a de desprestigio, la Red Nacional de Periodistas hizo un llamado al PUP a ratificar su compromiso para garantizar la labor de Citlalli L\u00f3pez y erradicar cualquier acci\u00f3n que vulnere la seguridad de la periodista por parte de sus candidatos e integrantes del \u00f3rgano pol\u00edtico.&nbsp;<\/p>\n\n\n\n<p>As\u00ed mismo, exhortaron a reporteras y reporteros a construir estrategia de seguridad digital colectivas con el fin de evitar la filtraci\u00f3n de personal no identificadas para prevenir agresiones y protegerse entre integrantes del gremio.&nbsp;<\/p>\n\n\n\n<p>A trav\u00e9s de las redes sociales, periodistas y activistas oaxaque\u00f1as mostraron su respaldo a la profesional de la informaci\u00f3n, a la par que pidieron a las autoridades garantizar la labor de quien se ha dedicado a evidenciar las violencias que se ejercen en contra de ni\u00f1a y mujeres en Oaxaca.&nbsp;<\/p>\n\n\n\n<p>\u201cBasta de intentar desprestigiar la labor de colegas como Citlalli Lo que con su trabajo est\u00e1n enfocadas a evidenciar la violaci\u00f3n a los derechos de ni\u00f1as, adolescentes y mujeres\u201d.&nbsp;&nbsp;<\/p>\n\n\n\n<p>\u201cTodo mi respeto y reconocimiento a la labor que realiza Citlalli Lo. No fue s\u00f3lo ella, somos todas. No denuncia ella sola, denunciamos todas. No m\u00e1s agresiones contra las mujeres por denunciar las violencias que se viven\u201d.&nbsp;<\/p>\n\n\n\n<p>\u201cMi solidaridad contigo Citlalli Lo, mi respeto para tu trabajo que busca dar voz y hacer visibles historias de abuso. Me sumo al en\u00e9rgico llamado para exigir un BASTA al acoso a quienes se atreven a contar historias que MUCHOS no quieren, o no les conviene que se conozcan\u201d, fueron parte de los mensajes de respaldo.&nbsp;<\/p>\n","protected":false},"excerpt":{"rendered":"<p>Evlin Arag\u00f3n\/Zona Roja. Oaxaca de Ju\u00e1rez, Oax., 12 de agosto de 2021.- La Red Nacional&hellip;<\/p>\n","protected":false},"author":2,"featured_media":6707,"comment_status":"closed","ping_status":"open","sticky":false,"template":"","format":"standard","meta":{"_lmt_disableupdate":"","_lmt_disable":"","_jetpack_memberships_contains_paid_content":false,"footnotes":""},"categories":[109,47],"tags":[2846],"class_list":["post-30846","post","type-post","status-publish","format-standard","has-post-thumbnail","hentry","category-minuto-a-minuto","category-zona-gris","tag-citlalli-lopez-velasquez"],"jetpack_featured_media_url":"https:\/\/zonaroja.com.mx\/wp-content\/uploads\/2019\/12\/Violencia-periodistas.jpg","jetpack_sharing_enabled":true,"_links":{"self":[{"href":"https:\/\/zonaroja.com.mx\/index.php?rest_route=\/wp\/v2\/posts\/30846","targetHints":{"allow":["GET"]}}],"collection":[{"href":"https:\/\/zonaroja.com.mx\/index.php?rest_route=\/wp\/v2\/posts"}],"about":[{"href":"https:\/\/zonaroja.com.mx\/index.php?rest_route=\/wp\/v2\/types\/post"}],"author":[{"embeddable":true,"href":"https:\/\/zonaroja.com.mx\/index.php?rest_route=\/wp\/v2\/users\/2"}],"replies":[{"embeddable":true,"href":"https:\/\/zonaroja.com.mx\/index.php?rest_route=%2Fwp%2Fv2%2Fcomments&post=30846"}],"version-history":[{"count":2,"href":"https:\/\/zonaroja.com.mx\/index.php?rest_route=\/wp\/v2\/posts\/30846\/revisions"}],"predecessor-version":[{"id":30848,"href":"https:\/\/zonaroja.com.mx\/index.php?rest_route=\/wp\/v2\/posts\/30846\/revisions\/30848"}],"wp:featuredmedia":[{"embeddable":true,"href":"https:\/\/zonaroja.com.mx\/index.php?rest_route=\/wp\/v2\/media\/6707"}],"wp:attachment":[{"href":"https:\/\/zonaroja.com.mx\/index.php?rest_route=%2Fwp%2Fv2%2Fmedia&parent=30846"}],"wp:term":[{"taxonomy":"category","embeddable":true,"href":"https:\/\/zonaroja.com.mx\/index.php?rest_route=%2Fwp%2Fv2%2Fcategories&post=30846"},{"taxonomy":"post_tag","embeddable":true,"href":"https:\/\/zonaroja.com.mx\/index.php?rest_route=%2Fwp%2Fv2%2Ftags&post=30846"}],"curies":[{"name":"wp","href":"https:\/\/api.w.org\/{rel}","templated":true}]}}