{"id":30849,"date":"2021-08-13T09:53:10","date_gmt":"2021-08-13T14:53:10","guid":{"rendered":"http:\/\/www.zonaroja.com.mx\/?p=30849"},"modified":"2021-08-12T19:54:43","modified_gmt":"2021-08-13T00:54:43","slug":"analizan-reforma-indigena-preocupa-que-solo-se-quede-en-cambio-discursivo","status":"publish","type":"post","link":"https:\/\/zonaroja.com.mx\/?p=30849","title":{"rendered":"Analizan reforma ind\u00edgena; preocupa que s\u00f3lo se quede en cambio discursivo"},"content":{"rendered":"\n<p>Evlin Arag\u00f3n\/Zona Roja.<\/p>\n\n\n\n<p>Oaxaca de Ju\u00e1rez, Oax., 13 de agosto de 2021.- Integrantes de la asociaci\u00f3n civil Tequio Jur\u00eddico aseguraron que no creen en la buena voluntad del gobierno hacia los pueblos ind\u00edgenas, pues representa la continuaci\u00f3n del mismo sistema pol\u00edtico y econ\u00f3mico que ha generado desigualdad, exclusi\u00f3n y despojos hist\u00f3ricos en sus territorios.<\/p>\n\n\n\n<p>As\u00ed lo plantearon tras hacer una revisi\u00f3n exhaustiva a la iniciativa de Reforma Constitucional sobre Derechos de los Pueblos Ind\u00edgenas y Afromexicanos, que impulsa el Instituto Nacional de los Pueblos Ind\u00edgenas (INPI) de la cual manifestaron una serie de preocupaciones.<\/p>\n\n\n\n<p>Particularmente ante el riesgo que la consulta previa, libre e informada desaf\u00ede la autonom\u00eda de los pueblos y no la respete; as\u00ed como el pol\u00e9mico t\u00e9rmino \u201cpropiedad intelectual colectiva\u201d, el cual consideran debe suprimirse de la iniciativa ya que \u00fanicamente causar\u00e1 controversias y conflictos.&nbsp;<\/p>\n\n\n\n<p>En este mismo sentido, cuestionaron los t\u00e9rminos cambio clim\u00e1tico, protecci\u00f3n de la biodiversidad y sostenibilidad que han sido utilizados para imponer proyectos energ\u00e9ticos; el nuevo r\u00e9gimen fiscal especial para las comunidades y pueblos ind\u00edgenas; as\u00ed como la ausencia de l\u00edmites a los proyectos de desarrollo o inversi\u00f3n en territorio comunitario.&nbsp;<\/p>\n\n\n\n<p>En un documento que hicieron p\u00fablico en sus redes sociales, indicaron que el impulso de una reforma constitucional sin plantear una cr\u00edtica al modelo capitalista, se queda en el discurso, por lo que propusieron que \u00e9sta tenga un car\u00e1cter de avanzada, aun con el riesgo de no aprobarse en los t\u00e9rminos planteados.&nbsp;<\/p>\n\n\n\n<p>Aprovecharon para cuestionar las consultas apresuradas y sin que exista la disposici\u00f3n total de escuchar a las comunidades y pueblos ind\u00edgenas, mismas que aseguran se realizan \u00fanicamente como mero requisito.&nbsp;<\/p>\n\n\n\n<p>\u201cDesconfiamos de las consultas hechas a prisa, sin que exista tiempo suficiente para que las comunidades reflexionen a fondo el contenido de la iniciativa y se limiten solo a firmar que la apoya. As\u00ed fue en la regi\u00f3n chontal\u201d, manifestaron.<\/p>\n\n\n\n<p>As\u00ed mismo, recordaron que muchas veces las leyes y la Constituci\u00f3n misma se quedan en papal y no garantizan un pa\u00eds m\u00e1s justo para las y los ind\u00edgenas; a la par que indicaron al interior del Poder Legislativo se mueven intereses que van en contra de la autonom\u00eda de las comunidades y pueblos ind\u00edgenas.&nbsp;<\/p>\n\n\n\n<p>Por lo anterior, indicaron que conf\u00edan en que con o sin reforma constitucional ind\u00edgena, las comunidades seguir\u00e1n resistiendo, defendiendo sus territorios, luchando por sus proyectos de vida que desaf\u00edan al capital y a los proyectos de despojo y destrucci\u00f3n.&nbsp;<\/p>\n\n\n\n<p>\u201cCreemos en la organizaci\u00f3n de los pueblos ind\u00edgenas y en el fortalecimiento de su autonom\u00eda, enraizada en una diversidad de luchas, historias y pr\u00e1cticas colectivas ancestrales que van m\u00e1s all\u00e1 de la iniciativa, e incluso del sistema jur\u00eddico mexicano\u201d, indicaron.&nbsp;<\/p>\n\n\n\n<p>Finalmente, pese a las cr\u00edticas, resaltaron como aspectos positivos: el reconocimiento de las comunidades y pueblos ind\u00edgenas como sujeto de derecho p\u00fablico; la inclusi\u00f3n expl\u00edcita de los derechos de las mujeres y de pueblo afrodescendiente; el reconocimiento de la relaci\u00f3n especial entre los pueblos y sus territorios; el reconocimiento del derecho a la tierra y de la jurisdicci\u00f3n ind\u00edgena.&nbsp;<\/p>\n","protected":false},"excerpt":{"rendered":"<p>Evlin Arag\u00f3n\/Zona Roja. Oaxaca de Ju\u00e1rez, Oax., 13 de agosto de 2021.- Integrantes de la&hellip;<\/p>\n","protected":false},"author":2,"featured_media":30850,"comment_status":"closed","ping_status":"open","sticky":false,"template":"","format":"standard","meta":{"_lmt_disableupdate":"","_lmt_disable":"","_jetpack_memberships_contains_paid_content":false,"footnotes":""},"categories":[109,46],"tags":[2847],"class_list":["post-30849","post","type-post","status-publish","format-standard","has-post-thumbnail","hentry","category-minuto-a-minuto","category-zona-blanca","tag-tequio-juridico-asociacion-civil"],"jetpack_featured_media_url":"https:\/\/zonaroja.com.mx\/wp-content\/uploads\/2021\/08\/Tequio-Juridico-reforma-indigen.jpg","jetpack_sharing_enabled":true,"_links":{"self":[{"href":"https:\/\/zonaroja.com.mx\/index.php?rest_route=\/wp\/v2\/posts\/30849","targetHints":{"allow":["GET"]}}],"collection":[{"href":"https:\/\/zonaroja.com.mx\/index.php?rest_route=\/wp\/v2\/posts"}],"about":[{"href":"https:\/\/zonaroja.com.mx\/index.php?rest_route=\/wp\/v2\/types\/post"}],"author":[{"embeddable":true,"href":"https:\/\/zonaroja.com.mx\/index.php?rest_route=\/wp\/v2\/users\/2"}],"replies":[{"embeddable":true,"href":"https:\/\/zonaroja.com.mx\/index.php?rest_route=%2Fwp%2Fv2%2Fcomments&post=30849"}],"version-history":[{"count":1,"href":"https:\/\/zonaroja.com.mx\/index.php?rest_route=\/wp\/v2\/posts\/30849\/revisions"}],"predecessor-version":[{"id":30851,"href":"https:\/\/zonaroja.com.mx\/index.php?rest_route=\/wp\/v2\/posts\/30849\/revisions\/30851"}],"wp:featuredmedia":[{"embeddable":true,"href":"https:\/\/zonaroja.com.mx\/index.php?rest_route=\/wp\/v2\/media\/30850"}],"wp:attachment":[{"href":"https:\/\/zonaroja.com.mx\/index.php?rest_route=%2Fwp%2Fv2%2Fmedia&parent=30849"}],"wp:term":[{"taxonomy":"category","embeddable":true,"href":"https:\/\/zonaroja.com.mx\/index.php?rest_route=%2Fwp%2Fv2%2Fcategories&post=30849"},{"taxonomy":"post_tag","embeddable":true,"href":"https:\/\/zonaroja.com.mx\/index.php?rest_route=%2Fwp%2Fv2%2Ftags&post=30849"}],"curies":[{"name":"wp","href":"https:\/\/api.w.org\/{rel}","templated":true}]}}