{"id":3085,"date":"2019-08-14T18:17:34","date_gmt":"2019-08-14T23:17:34","guid":{"rendered":"http:\/\/www.zonaroja.com.mx\/?p=3085"},"modified":"2019-08-14T18:17:37","modified_gmt":"2019-08-14T23:17:37","slug":"ante-nula-autoridad-en-oaxaca-cuatro-protestas-durante-visita-de-amlo","status":"publish","type":"post","link":"https:\/\/zonaroja.com.mx\/?p=3085","title":{"rendered":"Ante nula autoridad en Oaxaca, cuatro protestas durante visita de AMLO"},"content":{"rendered":"\n<p>Redacci\u00f3n\/Zona Roja.<\/p>\n\n\n\n<p>Oaxaca de Ju\u00e1rez, Oax., 14 de agosto de 2019.- Al menos cuatro protestas se registraron en el exterior del Centro Cultural y de Convenciones, en jurisdicci\u00f3n de Santa Luc\u00eda del Camino, ante la desatenci\u00f3n por parte de las autoridades estatales y en el marco de la visita del Presidente Andr\u00e9s Manuel L\u00f3pez Obrador.<\/p>\n\n\n\n<figure class=\"wp-block-image\"><img decoding=\"async\" width=\"1024\" height=\"576\" src=\"http:\/\/www.zonaroja.com.mx\/wp-content\/uploads\/2019\/08\/Protestas-visita-AMLO-3-1024x576.jpg\" alt=\"\" class=\"wp-image-3087\" srcset=\"https:\/\/zonaroja.com.mx\/wp-content\/uploads\/2019\/08\/Protestas-visita-AMLO-3-1024x576.jpg 1024w, https:\/\/zonaroja.com.mx\/wp-content\/uploads\/2019\/08\/Protestas-visita-AMLO-3-300x169.jpg 300w, https:\/\/zonaroja.com.mx\/wp-content\/uploads\/2019\/08\/Protestas-visita-AMLO-3-768x432.jpg 768w, https:\/\/zonaroja.com.mx\/wp-content\/uploads\/2019\/08\/Protestas-visita-AMLO-3-1170x658.jpg 1170w, https:\/\/zonaroja.com.mx\/wp-content\/uploads\/2019\/08\/Protestas-visita-AMLO-3-585x329.jpg 585w, https:\/\/zonaroja.com.mx\/wp-content\/uploads\/2019\/08\/Protestas-visita-AMLO-3.jpg 1280w\" sizes=\"(max-width: 1024px) 100vw, 1024px\" \/><\/figure>\n\n\n\n<p>Desde anoche arribaron a la zona habitantes de San Dionisio\ndel Mar, quienes piden una correcta integraci\u00f3n del concejo municipal y castigo\na la ex presidenta Teresita Luis Ojeda, por presuntas irregularidades durante\nsu gesti\u00f3n el trienio anterior.<\/p>\n\n\n\n<p>Los mismos, desde las ocho de la ma\u00f1ana de hoy efectuaron una protesta en el acceso principal y m\u00e1s tarde intentaron ingresar por la fuerza al recinto; presuntamente funcionarios de la Secretar\u00eda General de Gobierno les ofrecieron una mesa de di\u00e1logo.<\/p>\n\n\n\n<figure class=\"wp-block-embed-twitter wp-block-embed is-type-rich is-provider-twitter\"><div class=\"wp-block-embed__wrapper\">\n<div class=\"twitter-tweet\"><blockquote class=\"twitter-tweet\" data-lang=\"es\"><p lang=\"es\" dir=\"ltr\"><a href=\"https:\/\/twitter.com\/hashtag\/OaxacaGris?src=hash&amp;ref_src=twsrc%5Etfw\">#OaxacaGris<\/a><br>Ante ausencia de autoridad en <a href=\"https:\/\/twitter.com\/hashtag\/Oaxaca?src=hash&amp;ref_src=twsrc%5Etfw\">#Oaxaca<\/a>, al menos cuatro protestas se registraron en el Centro Cultural y de Convenciones, donde hubo un acto al que asistieron nueve gobernadores, empresarios nacionales y el presidente <a href=\"https:\/\/twitter.com\/lopezobrador_?ref_src=twsrc%5Etfw\">@lopezobrador_<\/a>. <a href=\"https:\/\/t.co\/PBdCLXMLCa\">pic.twitter.com\/PBdCLXMLCa<\/a><\/p>&mdash; Zona Roja Oaxaca (@MexRoja) <a href=\"https:\/\/twitter.com\/MexRoja\/status\/1161769000180813825?ref_src=twsrc%5Etfw\">14 de agosto de 2019<\/a><\/blockquote><\/div>\n<\/div><\/figure>\n\n\n\n<p>Otro grupo de inconformes fue el de atletas paral\u00edmpicos,\nque desde hace varias semanas efectuaron tambi\u00e9n un \u201cplant\u00f3n\u201d en la explanada\nde Santo Domingo de Guzm\u00e1n, para exigir que se decrete oficialmente el\notorgamiento de una beca.<\/p>\n\n\n\n<p>De la misma manera, padres de familia de menores de edad con\nc\u00e1ncer pidieron una audiencia con el Presidente L\u00f3pez Obrador , para denunciar\nque en el ISSSTE hay desabasto de medicamentos para ese sector poblacional con\nese tipo de padecimiento.<\/p>\n\n\n\n<p>En tanto, docentes del Colegio Nacional de Educaci\u00f3n\nProfesional (Conalep) de Huajuapan de Le\u00f3n, acusaron que no se ha querido pagar\nun laudo a favor de unos 20 trabajadores, adem\u00e1s de pedir una distribuci\u00f3n\nequitativa de cargas laborales.<\/p>\n\n\n\n<p>A la llegada del mandatario mexicano, alrededor del mediod\u00eda, varios grupos de inconformes lo abordaron y le entregaron documentos de las quejas y peticiones.<\/p>\n\n\n\n<figure class=\"wp-block-image\"><img decoding=\"async\" width=\"1024\" height=\"576\" src=\"http:\/\/www.zonaroja.com.mx\/wp-content\/uploads\/2019\/08\/Protestas-visita-AMLO-2-1024x576.jpg\" alt=\"\" class=\"wp-image-3086\" srcset=\"https:\/\/zonaroja.com.mx\/wp-content\/uploads\/2019\/08\/Protestas-visita-AMLO-2-1024x576.jpg 1024w, https:\/\/zonaroja.com.mx\/wp-content\/uploads\/2019\/08\/Protestas-visita-AMLO-2-300x169.jpg 300w, https:\/\/zonaroja.com.mx\/wp-content\/uploads\/2019\/08\/Protestas-visita-AMLO-2-768x432.jpg 768w, https:\/\/zonaroja.com.mx\/wp-content\/uploads\/2019\/08\/Protestas-visita-AMLO-2-1170x658.jpg 1170w, https:\/\/zonaroja.com.mx\/wp-content\/uploads\/2019\/08\/Protestas-visita-AMLO-2-585x329.jpg 585w, https:\/\/zonaroja.com.mx\/wp-content\/uploads\/2019\/08\/Protestas-visita-AMLO-2.jpg 1280w\" sizes=\"(max-width: 1024px) 100vw, 1024px\" \/><\/figure>\n","protected":false},"excerpt":{"rendered":"<p>Redacci\u00f3n\/Zona Roja. Oaxaca de Ju\u00e1rez, Oax., 14 de agosto de 2019.- Al menos cuatro protestas&hellip;<\/p>\n","protected":false},"author":2,"featured_media":3088,"comment_status":"closed","ping_status":"open","sticky":false,"template":"","format":"standard","meta":{"_lmt_disableupdate":"","_lmt_disable":"","_jetpack_memberships_contains_paid_content":false,"footnotes":""},"categories":[109,47],"tags":[551],"class_list":["post-3085","post","type-post","status-publish","format-standard","has-post-thumbnail","hentry","category-minuto-a-minuto","category-zona-gris","tag-protestas-en-visita-de-lopez-obrador-a-oaxaca"],"jetpack_featured_media_url":"https:\/\/zonaroja.com.mx\/wp-content\/uploads\/2019\/08\/Protestas-visita-AMLO-1.jpg","jetpack_sharing_enabled":true,"_links":{"self":[{"href":"https:\/\/zonaroja.com.mx\/index.php?rest_route=\/wp\/v2\/posts\/3085","targetHints":{"allow":["GET"]}}],"collection":[{"href":"https:\/\/zonaroja.com.mx\/index.php?rest_route=\/wp\/v2\/posts"}],"about":[{"href":"https:\/\/zonaroja.com.mx\/index.php?rest_route=\/wp\/v2\/types\/post"}],"author":[{"embeddable":true,"href":"https:\/\/zonaroja.com.mx\/index.php?rest_route=\/wp\/v2\/users\/2"}],"replies":[{"embeddable":true,"href":"https:\/\/zonaroja.com.mx\/index.php?rest_route=%2Fwp%2Fv2%2Fcomments&post=3085"}],"version-history":[{"count":1,"href":"https:\/\/zonaroja.com.mx\/index.php?rest_route=\/wp\/v2\/posts\/3085\/revisions"}],"predecessor-version":[{"id":3089,"href":"https:\/\/zonaroja.com.mx\/index.php?rest_route=\/wp\/v2\/posts\/3085\/revisions\/3089"}],"wp:featuredmedia":[{"embeddable":true,"href":"https:\/\/zonaroja.com.mx\/index.php?rest_route=\/wp\/v2\/media\/3088"}],"wp:attachment":[{"href":"https:\/\/zonaroja.com.mx\/index.php?rest_route=%2Fwp%2Fv2%2Fmedia&parent=3085"}],"wp:term":[{"taxonomy":"category","embeddable":true,"href":"https:\/\/zonaroja.com.mx\/index.php?rest_route=%2Fwp%2Fv2%2Fcategories&post=3085"},{"taxonomy":"post_tag","embeddable":true,"href":"https:\/\/zonaroja.com.mx\/index.php?rest_route=%2Fwp%2Fv2%2Ftags&post=3085"}],"curies":[{"name":"wp","href":"https:\/\/api.w.org\/{rel}","templated":true}]}}