{"id":30852,"date":"2021-08-12T20:58:06","date_gmt":"2021-08-13T01:58:06","guid":{"rendered":"http:\/\/www.zonaroja.com.mx\/?p=30852"},"modified":"2021-08-12T20:58:09","modified_gmt":"2021-08-13T01:58:09","slug":"segob-y-gobierno-de-oaxaca-castigaran-a-quienes-dieron-por-muertos-a-1013-comuneros","status":"publish","type":"post","link":"https:\/\/zonaroja.com.mx\/?p=30852","title":{"rendered":"Segob y gobierno de Oaxaca castigar\u00e1n a quienes dieron por muertos a 1,013 comuneros"},"content":{"rendered":"\n<p>Redacci\u00f3n\/Zona Roja.<\/p>\n\n\n\n<p>Oaxaca de Ju\u00e1rez, Oax., 12 de agosto de 2021.- La Secretar\u00eda de Gobernaci\u00f3n (Segob) y el gobierno de Oaxaca se comprometieron a investigar y resarcir los da\u00f1os causados por la muerte legal de mil 13 comuneros de Santo Domingo Ixcalt\u00e1n, as\u00ed como sancionar a los funcionarios que resulten responsables.<\/p>\n\n\n\n<p>En tanto, la Comisi\u00f3n Interamericana de Derechos Humanos (CIDH) ya pidi\u00f3 informes al Estado mexicano respecto a esta situaci\u00f3n, pues entre esa cantidad que fue registrada como ya fallecida, hay 22 de ellos con Medidas Cautelares con n\u00famero MC-113-8.<\/p>\n\n\n\n<p>As\u00ed lo inform\u00f3 el Centro de Derechos Humanos y Asesor\u00eda a Pueblos Ind\u00edgenas asociaci\u00f3n civil (Cedhapi), que detall\u00f3 los acuerdos alcanzados anoche en la reuni\u00f3n en la ciudad de M\u00e9xico con el subsecretario de la Segob, Alejandro Encinas Rodr\u00edguez, y el gobernador Alejandro Murat Hinojosa.<\/p>\n\n\n\n<p>En un comunicado, expuso que el encuentro fue buscar una forma de soluci\u00f3n a la ilegal medida de decretar a mil 13 comuneros de Santo Domingo Ixcatl\u00e1n como fallecidos, por parte de funcionarios del Registro Civil de Oaxaca, del Registro Agrario Nacional y de la Procuradur\u00eda Agraria.<\/p>\n\n\n\n<p>\u201cEn esta reuni\u00f3n el Estado Mexicano por conducto del subsecretario de Derechos Humanos, Alejandro Encinas Rodr\u00edguez y al Gobernador del Estado de Oaxaca, Alejandro Murat Hinojosa, reconocen que efectivamente se violent\u00f3 los derechos de mil 13 comuneros de Santo Domingo Ixcatl\u00e1n entre ellos 22 beneficiarios de medidas cautelares otorgadas por la CIDH, al darlos por fallecidos y sepultados.<\/p>\n\n\n\n<p>\u201cComprometi\u00e9ndose a reparar el da\u00f1o causado a los comuneros para recuperar sus derechos que le fuero violentados de manera arbitraria, para que puedan en su oportunidad elegir a sus representantes agrarios de Santo Domingo Ixcatl\u00e1n. Comprometi\u00e9ndose tambi\u00e9n en sancionar a las personas y funcionarios p\u00fablicos tanto federales, estatales y particulares que participaron en el hecho\u201d, detall\u00f2.<\/p>\n\n\n\n<p>\u201cResulta alentador para Cedhapi que el Estado mexicano reconozca las violaciones y arbitrariedades que se han cometido en contra de los beneficiarios y que se comprometa a repararlos y se garantice el derecho de no repetici\u00f3n\u201d, expuso en el comunicado firmado por Maximino Santiago Jim\u00e9nez, representante del Comit\u00e9 Agrario de Santo Domingo Ixcatl\u00e1n; Teresa Garc\u00eda Casta\u00f1eda y Paulina Mart\u00ednez Robles, representante de Beneficiarios de Medidas Cautelares, y Maurilio Santiago Reyes, responsable del Centro de Derechos Humanos y Asesor\u00eda a Pueblos Ind\u00edgenas, A. C.<\/p>\n","protected":false},"excerpt":{"rendered":"<p>Redacci\u00f3n\/Zona Roja. Oaxaca de Ju\u00e1rez, Oax., 12 de agosto de 2021.- La Secretar\u00eda de Gobernaci\u00f3n&hellip;<\/p>\n","protected":false},"author":2,"featured_media":30853,"comment_status":"closed","ping_status":"open","sticky":false,"template":"","format":"standard","meta":{"_lmt_disableupdate":"","_lmt_disable":"","_jetpack_memberships_contains_paid_content":false,"footnotes":""},"categories":[109,47],"tags":[1725],"class_list":["post-30852","post","type-post","status-publish","format-standard","has-post-thumbnail","hentry","category-minuto-a-minuto","category-zona-gris","tag-santo-domingo-ixcatlan"],"jetpack_featured_media_url":"https:\/\/zonaroja.com.mx\/wp-content\/uploads\/2021\/08\/Reunion-Subsecretario-de-Derechos-Humanos-y-Gobernador-del-Estado-de-Oaxaca..jpeg","jetpack_sharing_enabled":true,"_links":{"self":[{"href":"https:\/\/zonaroja.com.mx\/index.php?rest_route=\/wp\/v2\/posts\/30852","targetHints":{"allow":["GET"]}}],"collection":[{"href":"https:\/\/zonaroja.com.mx\/index.php?rest_route=\/wp\/v2\/posts"}],"about":[{"href":"https:\/\/zonaroja.com.mx\/index.php?rest_route=\/wp\/v2\/types\/post"}],"author":[{"embeddable":true,"href":"https:\/\/zonaroja.com.mx\/index.php?rest_route=\/wp\/v2\/users\/2"}],"replies":[{"embeddable":true,"href":"https:\/\/zonaroja.com.mx\/index.php?rest_route=%2Fwp%2Fv2%2Fcomments&post=30852"}],"version-history":[{"count":1,"href":"https:\/\/zonaroja.com.mx\/index.php?rest_route=\/wp\/v2\/posts\/30852\/revisions"}],"predecessor-version":[{"id":30854,"href":"https:\/\/zonaroja.com.mx\/index.php?rest_route=\/wp\/v2\/posts\/30852\/revisions\/30854"}],"wp:featuredmedia":[{"embeddable":true,"href":"https:\/\/zonaroja.com.mx\/index.php?rest_route=\/wp\/v2\/media\/30853"}],"wp:attachment":[{"href":"https:\/\/zonaroja.com.mx\/index.php?rest_route=%2Fwp%2Fv2%2Fmedia&parent=30852"}],"wp:term":[{"taxonomy":"category","embeddable":true,"href":"https:\/\/zonaroja.com.mx\/index.php?rest_route=%2Fwp%2Fv2%2Fcategories&post=30852"},{"taxonomy":"post_tag","embeddable":true,"href":"https:\/\/zonaroja.com.mx\/index.php?rest_route=%2Fwp%2Fv2%2Ftags&post=30852"}],"curies":[{"name":"wp","href":"https:\/\/api.w.org\/{rel}","templated":true}]}}