{"id":30855,"date":"2021-08-13T07:16:25","date_gmt":"2021-08-13T12:16:25","guid":{"rendered":"http:\/\/www.zonaroja.com.mx\/?p=30855"},"modified":"2021-08-12T22:17:56","modified_gmt":"2021-08-13T03:17:56","slug":"registra-oaxaca-este-ano-21-casos-de-muerte-materna-8-asociados-con-covid","status":"publish","type":"post","link":"https:\/\/zonaroja.com.mx\/?p=30855","title":{"rendered":"Registra Oaxaca este a\u00f1o 21 casos de muerte materna; 8 asociados con Covid"},"content":{"rendered":"\n<p>Redacci\u00f3n\/Zona Roja.<\/p>\n\n\n\n<p>Oaxaca de Ju\u00e1rez, Oax. 13 de agosto de 2021.- Hasta la semana 30, Oaxaca ha registrado 21 casos de muerte materna, ocho de ellos asociados al Covid-19, reporto la dependencia Servicios de Salud del estado.<\/p>\n\n\n\n<p>Detall\u00f3 que la Jurisdicci\u00f3n Sanitaria n\u00famero uno \u201cValles Centrales\u201d, es la que concentra el mayor n\u00famero de muertes, al contabilizar nueve decesos.<\/p>\n\n\n\n<p>En un comunicado, dio a conocer que con la finalidad de lograr una mejora en la salud materna, instal\u00f3 este jueves el Comit\u00e9 Estatal Interinstitucional de Prevenci\u00f3n, Estudio y Seguimiento de la Morbilidad y Mortalidad Materna y Perinatal 2021.<\/p>\n\n\n\n<p>Lo anterior con el prop\u00f3sito de seguir fortaleciendo los planes y programas encaminados a incidir en la reducci\u00f3n de muertes y factores de riesgo en este rubro.&nbsp;<\/p>\n\n\n\n<p>En el encuentro, realizado de manera virtual, se tom\u00f3 protesta a los integrantes, ante quienes se puntualiz\u00f3 que la salud materna y perinatal es un tema prioritario en la agenda del Estado mexicano, y en concordancia con ello, desde los Servicios de Salud se coordinan esfuerzos con diversas instituciones en aras del bienestar de la mujer durante el embarazo, parto y puerperio, as\u00ed como, del reci\u00e9n nacido o nacida.<\/p>\n\n\n\n<p>En atenci\u00f3n a ello, se impulsan dos pol\u00edticas fundamentales, el Programa de Embarazo Saludable y la Universalizaci\u00f3n de la Atenci\u00f3n de la Emergencia Obst\u00e9trica.<\/p>\n\n\n\n<p>Pero, adem\u00e1s, entre las estrategias que han demostrado su eficacia en la reducci\u00f3n de la morbi-mortalidad materna y perinatal, est\u00e1 la creaci\u00f3n, operaci\u00f3n y funcionamiento adecuado de los comit\u00e9s, como el reinstalado este jueves.<\/p>\n\n\n\n<p>Refiri\u00f3 que la implementaci\u00f3n de los comit\u00e9s, ha permitido disminuir el subregistro, precisar la causalidad, as\u00ed como formular an\u00e1lisis cl\u00ednicos y epidemiol\u00f3gicos, que coadyuven al desarrollo de acciones al interior de cada instituci\u00f3n para mejorar la calidad de la atenci\u00f3n obst\u00e9trica ambulatoria y hospitalaria, asimismo, disminuir este tipo de defunciones.<\/p>\n\n\n\n<p>Dentro de las instituciones que lo integran se encuentran: el Instituto Mexicano del Seguro Social (IMSS) r\u00e9gimen bienestar, Instituto de Seguridad y Servicios Sociales de los Trabajadores del Estado (ISSSTE), Hospital General de Petr\u00f3leos Mexicanos de Salina Cruz, Hospital Regional de Alta Especialidad de Oaxaca, la Secretar\u00eda de la Defensa Nacional a trav\u00e9s de la VIII Regi\u00f3n Militar n\u00famero 28 y la Secretar\u00eda de Marina con la XII Zona Naval Militar.<\/p>\n","protected":false},"excerpt":{"rendered":"<p>Redacci\u00f3n\/Zona Roja. Oaxaca de Ju\u00e1rez, Oax. 13 de agosto de 2021.- Hasta la semana 30,&hellip;<\/p>\n","protected":false},"author":2,"featured_media":28516,"comment_status":"closed","ping_status":"open","sticky":false,"template":"","format":"standard","meta":{"_lmt_disableupdate":"","_lmt_disable":"","_jetpack_memberships_contains_paid_content":false,"footnotes":""},"categories":[109,47],"tags":[1005],"class_list":["post-30855","post","type-post","status-publish","format-standard","has-post-thumbnail","hentry","category-minuto-a-minuto","category-zona-gris","tag-servicios-de-salud-de-oaxaca-sso"],"jetpack_featured_media_url":"https:\/\/zonaroja.com.mx\/wp-content\/uploads\/2021\/06\/Muerte-materna-embarazo.jpg","jetpack_sharing_enabled":true,"_links":{"self":[{"href":"https:\/\/zonaroja.com.mx\/index.php?rest_route=\/wp\/v2\/posts\/30855","targetHints":{"allow":["GET"]}}],"collection":[{"href":"https:\/\/zonaroja.com.mx\/index.php?rest_route=\/wp\/v2\/posts"}],"about":[{"href":"https:\/\/zonaroja.com.mx\/index.php?rest_route=\/wp\/v2\/types\/post"}],"author":[{"embeddable":true,"href":"https:\/\/zonaroja.com.mx\/index.php?rest_route=\/wp\/v2\/users\/2"}],"replies":[{"embeddable":true,"href":"https:\/\/zonaroja.com.mx\/index.php?rest_route=%2Fwp%2Fv2%2Fcomments&post=30855"}],"version-history":[{"count":1,"href":"https:\/\/zonaroja.com.mx\/index.php?rest_route=\/wp\/v2\/posts\/30855\/revisions"}],"predecessor-version":[{"id":30856,"href":"https:\/\/zonaroja.com.mx\/index.php?rest_route=\/wp\/v2\/posts\/30855\/revisions\/30856"}],"wp:featuredmedia":[{"embeddable":true,"href":"https:\/\/zonaroja.com.mx\/index.php?rest_route=\/wp\/v2\/media\/28516"}],"wp:attachment":[{"href":"https:\/\/zonaroja.com.mx\/index.php?rest_route=%2Fwp%2Fv2%2Fmedia&parent=30855"}],"wp:term":[{"taxonomy":"category","embeddable":true,"href":"https:\/\/zonaroja.com.mx\/index.php?rest_route=%2Fwp%2Fv2%2Fcategories&post=30855"},{"taxonomy":"post_tag","embeddable":true,"href":"https:\/\/zonaroja.com.mx\/index.php?rest_route=%2Fwp%2Fv2%2Ftags&post=30855"}],"curies":[{"name":"wp","href":"https:\/\/api.w.org\/{rel}","templated":true}]}}